{"id":54748,"date":"2022-08-03T17:49:16","date_gmt":"2022-08-03T19:49:16","guid":{"rendered":"http:\/\/www2.comunitaria.com.br\/?p=54748"},"modified":"2022-08-03T17:49:16","modified_gmt":"2022-08-03T19:49:16","slug":"em-dia-de-manifestacao-bolsonaro-cancela-presenca-em-encontros-com-empresarios","status":"publish","type":"post","link":"https:\/\/www2.comunitaria.com.br\/en\/em-dia-de-manifestacao-bolsonaro-cancela-presenca-em-encontros-com-empresarios\/","title":{"rendered":"Em dia de manifesta\u00e7\u00e3o, Bolsonaro cancela presen\u00e7a em encontros com empres\u00e1rios"},"content":{"rendered":"<p>O presidente Jair Bolsonaro (PL) informou que n\u00e3o pretende mais comparecer ao encontro com empres\u00e1rios do Grupo Esfera e \u00e0 reuni\u00e3o na Fiesp, compromissos previstos para pr\u00f3xima semana, dia 11.<br \/>\nO motivo alegado para o cancelamento foi imprevisto de agenda, mas, nos bastidores, a avalia\u00e7\u00e3o de aliados \u00e9 de que o presidente n\u00e3o quer ser cobrado a assinar documento favor\u00e1vel \u00e0 democracia.<br \/>\nO jantar e a reuni\u00e3o ocorreriam no mesmo dia para a qual foi marcada manifesta\u00e7\u00e3o na Faculdade de Direito da USP (Universidade de S\u00e3o Paulo) em defesa da democracia.<br \/>\nA estrat\u00e9gia seria justamente, na vis\u00e3o de aliados do presidente, fazer um contraponto \u00e0 manifesta\u00e7\u00e3o e mostrar que o mandat\u00e1rio do Pal\u00e1cio do Planalto n\u00e3o est\u00e1 isolado.<\/p>","protected":false},"excerpt":{"rendered":"<p>O presidente Jair Bolsonaro (PL) informou que n\u00e3o pretende mais comparecer ao encontro com empres\u00e1rios do Grupo Esfera e \u00e0 reuni\u00e3o na Fiesp, compromissos previstos para pr\u00f3xima semana, dia 11. O motivo alegado para o cancelamento foi imprevisto de agenda, mas, nos bastidores, a avalia\u00e7\u00e3o de aliados \u00e9 de que o presidente n\u00e3o quer ser<\/p>\n<div class=\"read-more-wrapper\"><a class=\"read-more\" href=\"https:\/\/www2.comunitaria.com.br\/en\/em-dia-de-manifestacao-bolsonaro-cancela-presenca-em-encontros-com-empresarios\/\" title=\"Read More\"> <span class=\"button\">Read More<\/span><\/a><\/div>","protected":false},"author":2,"featured_media":50480,"comment_status":"open","ping_status":"closed","sticky":false,"template":"","format":"standard","meta":{"ngg_post_thumbnail":0,"footnotes":""},"categories":[47,6173,33],"tags":[],"class_list":["post-54748","post","type-post","status-publish","format-standard","has-post-thumbnail","hentry","category-brasil","category-eleicoes-2022","category-noticias"],"amp_enabled":true,"_links":{"self":[{"href":"https:\/\/www2.comunitaria.com.br\/en\/wp-json\/wp\/v2\/posts\/54748","targetHints":{"allow":["GET"]}}],"collection":[{"href":"https:\/\/www2.comunitaria.com.br\/en\/wp-json\/wp\/v2\/posts"}],"about":[{"href":"https:\/\/www2.comunitaria.com.br\/en\/wp-json\/wp\/v2\/types\/post"}],"author":[{"embeddable":true,"href":"https:\/\/www2.comunitaria.com.br\/en\/wp-json\/wp\/v2\/users\/2"}],"replies":[{"embeddable":true,"href":"https:\/\/www2.comunitaria.com.br\/en\/wp-json\/wp\/v2\/comments?post=54748"}],"version-history":[{"count":0,"href":"https:\/\/www2.comunitaria.com.br\/en\/wp-json\/wp\/v2\/posts\/54748\/revisions"}],"wp:featuredmedia":[{"embeddable":true,"href":"https:\/\/www2.comunitaria.com.br\/en\/wp-json\/wp\/v2\/media\/50480"}],"wp:attachment":[{"href":"https:\/\/www2.comunitaria.com.br\/en\/wp-json\/wp\/v2\/media?parent=54748"}],"wp:term":[{"taxonomy":"category","embeddable":true,"href":"https:\/\/www2.comunitaria.com.br\/en\/wp-json\/wp\/v2\/categories?post=54748"},{"taxonomy":"post_tag","embeddable":true,"href":"https:\/\/www2.comunitaria.com.br\/en\/wp-json\/wp\/v2\/tags?post=54748"}],"curies":[{"name":"wp","href":"https:\/\/api.w.org\/{rel}","templated":true}]}}