{"id":54720,"date":"2022-08-02T17:00:29","date_gmt":"2022-08-02T19:00:29","guid":{"rendered":"http:\/\/www2.comunitaria.com.br\/?p=54720"},"modified":"2022-08-02T17:00:29","modified_gmt":"2022-08-02T19:00:29","slug":"eleicoes-inspetorias-crea-rs-sexta-feira-05-encerra-prazo-para-registro-de-candidaturas","status":"publish","type":"post","link":"https:\/\/www2.comunitaria.com.br\/en\/eleicoes-inspetorias-crea-rs-sexta-feira-05-encerra-prazo-para-registro-de-candidaturas\/","title":{"rendered":"Elei\u00e7\u00f5es Inspetorias CREA-RS: sexta-feira (05) encerra prazo para registro de candidaturas"},"content":{"rendered":"<p>O registro das candidaturas para os cargos de inspetores e membros de Comiss\u00f5es das 44 Inspetorias do CREA-RS encerram nesta sexta-feira (05\/08). As inscri\u00e7\u00f5es devem ser feitas, preferencialmente, nas Inspetorias de sua jurisdi\u00e7\u00e3o ou por correio eletr\u00f4nico cei-rs@crea-rs.org.br, mediante envio da carteira profissional do CREA-RS ou anexo digital da mesma no formato PDF.<br \/>\nEst\u00e3o aptos a concorrer \u00e0 elei\u00e7\u00e3o para Inspetor os profissionais de n\u00edvel superior, sem d\u00e9bitos relativos \u00e0 anuidade ou processos de fiscaliza\u00e7\u00e3o. O candidato tamb\u00e9m n\u00e3o pode ter cometido infra\u00e7\u00e3o ao c\u00f3digo de \u00e9tica nos \u00faltimos cinco anos, ser funcion\u00e1rio remunerado do Sistema Confea\/Crea ou acumular mais de dois mandatos consecutivos.<br \/>\nOs Inspetores t\u00eam papel important\u00edssimo dentro do Sistema, s\u00e3o eles os respons\u00e1veis pelo aprimoramento e amplia\u00e7\u00e3o do processo fiscalizat\u00f3rio do Conselho, al\u00e9m de outras funcionalidades<br \/>\nP\u00c1GINA DA ELEI\u00c7\u00c3O: https:\/\/www.crea-rs.org.br\/site\/index.php?p=eleicoesinspetorias2022<br \/>\nAs elei\u00e7\u00f5es ocorrem entre os dias 21 e 23 de setembro de maneira online para a escolha de inspetores que ir\u00e3o atuar no per\u00edodo de 1 de janeiro de 2023 a 31 de dezembro de 2024, assim como para a escolha dos membros de comiss\u00f5es, tamb\u00e9m com um ano de mandato.<br \/>\nAs informa\u00e7\u00f5es referentes ao pleito, est\u00e3o dispon\u00edveis no site do Conselho onde \u00e9 poss\u00edvel consultar o Regulamento Eleitoral, e o as vagas dispon\u00edveis para as comiss\u00f5es das inspetorias.<br \/>\nDevem ser eleitos 132 inspetores, entre chefe, secret\u00e1rio e tesoureiro para cada uma das 44 inspetorias regionais, assim como membros de comiss\u00f5es.<br \/>\nCaso esteja sem conex\u00e3o pela internet nos dias de elei\u00e7\u00e3o, o profissional pode dirigir-se a qualquer uma das inspetorias ou a sede do CREA-RS (em hor\u00e1rio normal de funcionamento) que haver\u00e1 computadores conectados \u00e0 internet, dispon\u00edveis para vota\u00e7\u00e3o.<br \/>\n1 &#8211; Para Diretoria de cada inspetoria ser\u00e3o eleitos tr\u00eas inspetores, sendo um Inspetor-Chefe, um Inspetor-Secret\u00e1rio e um Inspetor-Tesoureiro.<br \/>\n2 &#8211; Para as inspetorias que optaram em manter as Comiss\u00f5es Especializadas, ser\u00e3o eleitos profissionais para compor as Comiss\u00f5es Especializadas correspondentes \u00e0s modalidades das C\u00e2maras Especializadas do CREA-RS.<br \/>\n3 &#8211; Para as inspetorias que optaram pela Comiss\u00e3o Multimodal, ser\u00e3o eleitos dois profissionais (titular e suplente) por modalidade correspondente \u00e0s modalidades das C\u00e2maras Especializadas do CREA-RS, conforme a disponibilidade de vaga.<\/p>\n<p>Mais informa\u00e7\u00f5es e entrevistas:<br \/>\nLuciana Patella<br \/>\nJornalista (MTB 12.807)<br \/>\nN\u00facleo de Imprensa\/ Setor de M\u00eddias e Redes Sociais<br \/>\nComunica\u00e7\u00e3o e Marketing CREA-RS<br \/>\n(51) 3320.2267 \/ 99697.1012<\/p>","protected":false},"excerpt":{"rendered":"<p>O registro das candidaturas para os cargos de inspetores e membros de Comiss\u00f5es das 44 Inspetorias do CREA-RS encerram nesta sexta-feira (05\/08). As inscri\u00e7\u00f5es devem ser feitas, preferencialmente, nas Inspetorias&#8230;<\/p>","protected":false},"author":2,"featured_media":54722,"comment_status":"open","ping_status":"closed","sticky":false,"template":"","format":"standard","meta":{"ngg_post_thumbnail":0,"footnotes":""},"categories":[28,33],"tags":[],"class_list":["post-54720","post","type-post","status-publish","format-standard","has-post-thumbnail","hentry","category-destaque","category-noticias"],"amp_enabled":true,"_links":{"self":[{"href":"https:\/\/www2.comunitaria.com.br\/en\/wp-json\/wp\/v2\/posts\/54720","targetHints":{"allow":["GET"]}}],"collection":[{"href":"https:\/\/www2.comunitaria.com.br\/en\/wp-json\/wp\/v2\/posts"}],"about":[{"href":"https:\/\/www2.comunitaria.com.br\/en\/wp-json\/wp\/v2\/types\/post"}],"author":[{"embeddable":true,"href":"https:\/\/www2.comunitaria.com.br\/en\/wp-json\/wp\/v2\/users\/2"}],"replies":[{"embeddable":true,"href":"https:\/\/www2.comunitaria.com.br\/en\/wp-json\/wp\/v2\/comments?post=54720"}],"version-history":[{"count":0,"href":"https:\/\/www2.comunitaria.com.br\/en\/wp-json\/wp\/v2\/posts\/54720\/revisions"}],"wp:featuredmedia":[{"embeddable":true,"href":"https:\/\/www2.comunitaria.com.br\/en\/wp-json\/wp\/v2\/media\/54722"}],"wp:attachment":[{"href":"https:\/\/www2.comunitaria.com.br\/en\/wp-json\/wp\/v2\/media?parent=54720"}],"wp:term":[{"taxonomy":"category","embeddable":true,"href":"https:\/\/www2.comunitaria.com.br\/en\/wp-json\/wp\/v2\/categories?post=54720"},{"taxonomy":"post_tag","embeddable":true,"href":"https:\/\/www2.comunitaria.com.br\/en\/wp-json\/wp\/v2\/tags?post=54720"}],"curies":[{"name":"wp","href":"https:\/\/api.w.org\/{rel}","templated":true}]}}