{"id":54686,"date":"2022-07-29T17:29:59","date_gmt":"2022-07-29T19:29:59","guid":{"rendered":"http:\/\/www2.comunitaria.com.br\/?p=54686"},"modified":"2022-07-29T17:29:59","modified_gmt":"2022-07-29T19:29:59","slug":"lula-tem-47-no-primeiro-turno-contra-29-de-bolsonaro-e-8-de-ciro-de-acordo-com-datafolha","status":"publish","type":"post","link":"https:\/\/www2.comunitaria.com.br\/en\/lula-tem-47-no-primeiro-turno-contra-29-de-bolsonaro-e-8-de-ciro-de-acordo-com-datafolha\/","title":{"rendered":"Lula tem 47% no primeiro turno, contra 29% de Bolsonaro e 8% de Ciro, de acordo com Datafolha"},"content":{"rendered":"<p>Em pesquisa Datafolha divulgada nesta quinta-feira, 28, o ex-presidente Luiz In\u00e1cio Lula da Silva (PT) apresenta-se com 47% das inten\u00e7\u00f5es de voto na corrida pelo Pal\u00e1cio do Planalto. O presidente Jair Bolsonaro (PL) tem 29%. O primeiro turno das elei\u00e7\u00f5es acontece em 2 de outubro.<br \/>\nNa sequ\u00eancia, aparecem Ciro Gomes (PDT), com 8%; Simone Tebet (MDB), com 2%; e Andr\u00e9 Janones (Avante); Pablo Mar\u00e7al (Pros) e Vera L\u00facia (PSTU), com 1%.<br \/>\nA parcela dos que dizem que votar\u00e3o em branco ou nulo representa 6% dos entrevistados. Os indecisos somam 3%.<\/p>\n<p><strong>OUTROS CANDIDATOS<\/strong><br \/>\nOs pr\u00e9-candidatos Felipe d\u2019Avila (Novo), Sofia Manzano (PCB), Leonardo P\u00e9ricles (UP), Jos\u00e9 Maria Eymael (Democracia Crist\u00e3); e Luciano Bivar (Uni\u00e3o Brasil) n\u00e3o pontuaram.<br \/>\nSe o cen\u00e1rio projetado pelo levantamento se confirmar, Lula seria eleito no primeiro turno, com 52% dos votos v\u00e1lidos.<br \/>\nForam ouvidas 2.556 pessoas face a face entre quarta-feira (27) e esta quinta (28). A pesquisa, encomendada e divulgada pelo jornal Folha de S.Paulo, foi registrada na Justi\u00e7a Eleitoral com o n\u00famero BR-01192\/2022. O n\u00edvel de confian\u00e7a da pesquisa \u00e9 95%.<br \/>\nA margem de erro do levantamento \u00e9 de dois pontos percentuais para mais ou menos.<\/p>\n<p><strong>Confira abaixo o cen\u00e1rio de primeiro turno testado pelo instituto:<\/strong><\/p>\n<p>\u2022 Luiz In\u00e1cio Lula da Silva (PT) \u2013 47%<br \/>\n\u2022 Jair Bolsonaro (PL) \u2013 29%<br \/>\n\u2022 Ciro Gomes (PDT) \u2013 8%<br \/>\n\u2022 Simone Tebet (MDB) \u2013 2%<br \/>\n\u2022 Andr\u00e9 Janones (Avante) \u2013 1%<br \/>\n\u2022 Pablo Mar\u00e7al (Pros) \u2013 1%<br \/>\n\u2022 Vera L\u00facia (PSTU) \u2013 1%<br \/>\n\u2022 Brancos e nulos \u2013 6%<br \/>\n\u2022 Indecisos \u2013 3%<\/p>\n<p><strong>SEGUNDO TURNO<\/strong><\/p>\n<p>Em um cen\u00e1rio de segundo turno, Lula aparece com 55% das inten\u00e7\u00f5es de voto, contra 35% de Bolsonaro. Dizem n\u00e3o votar em nenhum dos dois 7%, enquanto 2% se mostram indecisos.<\/p>\n<p>Contra Ciro, a vantagem de Lula \u00e9 maior, 52% a 33%. Em um cen\u00e1rio entre Ciro e Bolsonaro, o pedetista tem 51%, contra 38%.<\/p>","protected":false},"excerpt":{"rendered":"<p>Em pesquisa Datafolha divulgada nesta quinta-feira, 28, o ex-presidente Luiz In\u00e1cio Lula da Silva (PT) apresenta-se com 47% das inten\u00e7\u00f5es de voto na corrida pelo Pal\u00e1cio do Planalto. O presidente Jair Bolsonaro (PL) tem 29%. O primeiro turno das elei\u00e7\u00f5es acontece em 2 de outubro. Na sequ\u00eancia, aparecem Ciro Gomes (PDT), com 8%; Simone Tebet<\/p>\n<div class=\"read-more-wrapper\"><a class=\"read-more\" href=\"https:\/\/www2.comunitaria.com.br\/en\/lula-tem-47-no-primeiro-turno-contra-29-de-bolsonaro-e-8-de-ciro-de-acordo-com-datafolha\/\" title=\"Read More\"> <span class=\"button\">Read More<\/span><\/a><\/div>","protected":false},"author":2,"featured_media":54688,"comment_status":"open","ping_status":"closed","sticky":false,"template":"","format":"standard","meta":{"ngg_post_thumbnail":0,"footnotes":""},"categories":[47,6173,28,33],"tags":[],"class_list":["post-54686","post","type-post","status-publish","format-standard","has-post-thumbnail","hentry","category-brasil","category-eleicoes-2022","category-destaque","category-noticias"],"amp_enabled":true,"_links":{"self":[{"href":"https:\/\/www2.comunitaria.com.br\/en\/wp-json\/wp\/v2\/posts\/54686","targetHints":{"allow":["GET"]}}],"collection":[{"href":"https:\/\/www2.comunitaria.com.br\/en\/wp-json\/wp\/v2\/posts"}],"about":[{"href":"https:\/\/www2.comunitaria.com.br\/en\/wp-json\/wp\/v2\/types\/post"}],"author":[{"embeddable":true,"href":"https:\/\/www2.comunitaria.com.br\/en\/wp-json\/wp\/v2\/users\/2"}],"replies":[{"embeddable":true,"href":"https:\/\/www2.comunitaria.com.br\/en\/wp-json\/wp\/v2\/comments?post=54686"}],"version-history":[{"count":0,"href":"https:\/\/www2.comunitaria.com.br\/en\/wp-json\/wp\/v2\/posts\/54686\/revisions"}],"wp:featuredmedia":[{"embeddable":true,"href":"https:\/\/www2.comunitaria.com.br\/en\/wp-json\/wp\/v2\/media\/54688"}],"wp:attachment":[{"href":"https:\/\/www2.comunitaria.com.br\/en\/wp-json\/wp\/v2\/media?parent=54686"}],"wp:term":[{"taxonomy":"category","embeddable":true,"href":"https:\/\/www2.comunitaria.com.br\/en\/wp-json\/wp\/v2\/categories?post=54686"},{"taxonomy":"post_tag","embeddable":true,"href":"https:\/\/www2.comunitaria.com.br\/en\/wp-json\/wp\/v2\/tags?post=54686"}],"curies":[{"name":"wp","href":"https:\/\/api.w.org\/{rel}","templated":true}]}}