{"id":54602,"date":"2022-07-25T11:58:47","date_gmt":"2022-07-25T13:58:47","guid":{"rendered":"http:\/\/www2.comunitaria.com.br\/?p=54602"},"modified":"2022-07-25T11:58:47","modified_gmt":"2022-07-25T13:58:47","slug":"e-fake-que-uso-de-bandeira-do-brasil-durante-a-campanha-esta-proibido","status":"publish","type":"post","link":"https:\/\/www2.comunitaria.com.br\/en\/e-fake-que-uso-de-bandeira-do-brasil-durante-a-campanha-esta-proibido\/","title":{"rendered":"\u00c9 #FAKE que uso de bandeira do Brasil durante a campanha est\u00e1 proibido"},"content":{"rendered":"<p><span style=\"font-weight: 400;\">Est\u00e1 circulando nas redes sociais um v\u00eddeo dizendo que o uso da bandeira do Brasil seria proibido durante as elei\u00e7\u00f5es. Tome cuidado, essa not\u00edcia \u00e9 falsa!&nbsp;<\/span><\/p>\n<p><span style=\"font-weight: 400;\">A grava\u00e7\u00e3o mostra o entendimento da ju\u00edza Ana L\u00facia Todeschini Martinez, da 141\u00aa Zona Eleitoral de Santo Ant\u00f4nio das Miss\u00f5es (RS), em que ela cita que o s\u00edmbolo nacional se tornou propaganda de &#8220;um lado da pol\u00edtica&#8221;. O v\u00eddeo, compartilhado principalmente no WhatsApp, repercutiu e gerou publica\u00e7\u00f5es no Twitter do presidente Jair Bolsonaro e do vice-presidente Hamilton Mour\u00e3o, ambos repudiando a decis\u00e3o.<\/span><\/p>\n<p><span style=\"font-weight: 400;\">Entretanto, a ju\u00edza Ana L\u00facia realmente declarou que, no entendimento dela, a bandeira do Brasil poderia ser considerada propaganda eleitoral a partir do in\u00edcio do per\u00edodo de campanha, em 16 de agosto. Depois, em entrevista \u00e0 r\u00e1dio local Fronteira Miss\u00f5es, a ju\u00edza explicou que, exceto em pr\u00e9dios p\u00fablicos, a bandeira nacional brasileira &#8220;deveria seguir toda a legisla\u00e7\u00e3o aplic\u00e1vel \u00e0s bandeiras de propaganda&#8221;. O que significa ter exposi\u00e7\u00e3o permitida entre 6h e 22h. Ou seja, a magistrada afirmou que as bandeiras do Brasil seriam &#8220;proibidas&#8221;:<\/span><\/p>\n<p><span style=\"font-weight: 400;\">Por\u00e9m, na \u00faltima sexta-feira, o Tribunal Regional Eleitoral do Rio Grande do Sul (TRE-RS) esclareceu um pedido encaminhado pelo diret\u00f3rio estadual do Movimento Democr\u00e1tico Brasileiro (MDB) se colocando contr\u00e1rio ao entendimento da magistrada. A desembargadora Vanderlei Teresinha Tremeia Kubiak, relatora do caso no TRE, frisou que o uso da bandeira n\u00e3o configura campanha e que, portanto, n\u00e3o est\u00e1 submetida \u00e0 legisla\u00e7\u00e3o eleitoral.<\/span><\/p>\n<p><span style=\"font-weight: 400;\">Vanderlei Teresinha enfatizou em seu voto que o Tribunal Superior Eleitoral (TSE) j\u00e1 tinha afirmado que o uso de s\u00edmbolos nacionais n\u00e3o configura propaganda eleitoral, mas que era necess\u00e1rio um novo esclarecimento pela repercuss\u00e3o que teve o caso e a proximidade com o per\u00edodo eleitoral. A desembargadora afirmou, na ocasi\u00e3o, que a ju\u00edza Ana L\u00facia pode ter ponto de vista pr\u00f3prio, mas o que prevalece \u00e9 o entendimento do TSE.<\/span><\/p>\n<p><span style=\"font-weight: 400;\">Por isso, \u00e9 falsa a informa\u00e7\u00e3o de que o uso da bandeira do Brasil ser\u00e1 proibido durante a campanha eleitoral.<\/span><\/p>\n<p><span style=\"font-weight: 400;\">*Com informa\u00e7\u00f5es do G1<\/span><\/p>","protected":false},"excerpt":{"rendered":"<p>Est\u00e1 circulando nas redes sociais um v\u00eddeo dizendo que o uso da bandeira do Brasil seria proibido durante as elei\u00e7\u00f5es. Tome cuidado, essa not\u00edcia \u00e9 falsa!&nbsp; A grava\u00e7\u00e3o mostra o entendimento da ju\u00edza Ana L\u00facia Todeschini Martinez, da 141\u00aa Zona Eleitoral de Santo Ant\u00f4nio das Miss\u00f5es (RS), em que ela cita que o s\u00edmbolo nacional<\/p>\n<div class=\"read-more-wrapper\"><a class=\"read-more\" href=\"https:\/\/www2.comunitaria.com.br\/en\/e-fake-que-uso-de-bandeira-do-brasil-durante-a-campanha-esta-proibido\/\" title=\"Read More\"> <span class=\"button\">Read More<\/span><\/a><\/div>","protected":false},"author":2,"featured_media":54604,"comment_status":"open","ping_status":"closed","sticky":false,"template":"","format":"standard","meta":{"ngg_post_thumbnail":0,"footnotes":""},"categories":[6173,6170,38],"tags":[],"class_list":["post-54602","post","type-post","status-publish","format-standard","has-post-thumbnail","hentry","category-eleicoes-2022","category-fato-ou-fake","category-politica"],"amp_enabled":true,"_links":{"self":[{"href":"https:\/\/www2.comunitaria.com.br\/en\/wp-json\/wp\/v2\/posts\/54602","targetHints":{"allow":["GET"]}}],"collection":[{"href":"https:\/\/www2.comunitaria.com.br\/en\/wp-json\/wp\/v2\/posts"}],"about":[{"href":"https:\/\/www2.comunitaria.com.br\/en\/wp-json\/wp\/v2\/types\/post"}],"author":[{"embeddable":true,"href":"https:\/\/www2.comunitaria.com.br\/en\/wp-json\/wp\/v2\/users\/2"}],"replies":[{"embeddable":true,"href":"https:\/\/www2.comunitaria.com.br\/en\/wp-json\/wp\/v2\/comments?post=54602"}],"version-history":[{"count":0,"href":"https:\/\/www2.comunitaria.com.br\/en\/wp-json\/wp\/v2\/posts\/54602\/revisions"}],"wp:featuredmedia":[{"embeddable":true,"href":"https:\/\/www2.comunitaria.com.br\/en\/wp-json\/wp\/v2\/media\/54604"}],"wp:attachment":[{"href":"https:\/\/www2.comunitaria.com.br\/en\/wp-json\/wp\/v2\/media?parent=54602"}],"wp:term":[{"taxonomy":"category","embeddable":true,"href":"https:\/\/www2.comunitaria.com.br\/en\/wp-json\/wp\/v2\/categories?post=54602"},{"taxonomy":"post_tag","embeddable":true,"href":"https:\/\/www2.comunitaria.com.br\/en\/wp-json\/wp\/v2\/tags?post=54602"}],"curies":[{"name":"wp","href":"https:\/\/api.w.org\/{rel}","templated":true}]}}