{"id":54582,"date":"2022-07-21T17:44:21","date_gmt":"2022-07-21T19:44:21","guid":{"rendered":"http:\/\/www2.comunitaria.com.br\/?p=54582"},"modified":"2022-07-21T17:44:21","modified_gmt":"2022-07-21T19:44:21","slug":"em-video-aras-defende-sistema-eleitoral-e-evita-criticar-bolsonaro","status":"publish","type":"post","link":"https:\/\/www2.comunitaria.com.br\/en\/em-video-aras-defende-sistema-eleitoral-e-evita-criticar-bolsonaro\/","title":{"rendered":"Em v\u00eddeo, Aras defende sistema eleitoral e evita criticar Bolsonaro"},"content":{"rendered":"<p>O procurador-geral da Rep\u00fablica, Augusto Aras, postou um v\u00eddeo nesta quinta-feira, 21, com esclarecimentos sobre o processo eleitoral brasileiro e a seguran\u00e7a das urnas eletr\u00f4nicas. Aras n\u00e3o cita diretamente o presidente Jair Bolsonaro (PL), mas a publica\u00e7\u00e3o coincide com o momento em que ele \u00e9 pressionado por procuradores que pedem a abertura de investiga\u00e7\u00e3o contra o chefe do Executivo por ataques ao sistema eleitoral brasileiro.<br \/>\nO v\u00eddeo compila cinco minutos de uma entrevista que o chefe do Minist\u00e9rio P\u00fablico Federal concedeu \u00e0 imprensa estrangeira no dia 11 de julho. &#8220;Diante dos \u00faltimos acontecimentos no pa\u00eds, o procurador-geral da Rep\u00fablica, Augusto Aras, recorda a necessidade de distanciamento, independ\u00eancia e harmonia entre os poderes, e que as institui\u00e7\u00f5es existem para intermediar e conciliar os sagrados interesses do povo&#8221;, diz o texto do v\u00eddeo antes da fala do procurador-geral.<br \/>\nEm seguida, Aras comenta que n\u00e3o ser\u00e1 aceita a &#8220;alega\u00e7\u00e3o de fraude&#8221; nas elei\u00e7\u00f5es. &#8220;Temos visto o sucesso da urna eletr\u00f4nica nos \u00faltimos anos&#8221;, garante.<\/p>","protected":false},"excerpt":{"rendered":"<p>O procurador-geral da Rep\u00fablica, Augusto Aras, postou um v\u00eddeo nesta quinta-feira, 21, com esclarecimentos sobre o processo eleitoral brasileiro e a seguran\u00e7a das urnas eletr\u00f4nicas. Aras n\u00e3o cita diretamente o presidente Jair Bolsonaro (PL), mas a publica\u00e7\u00e3o coincide com o momento em que ele \u00e9 pressionado por procuradores que pedem a abertura de investiga\u00e7\u00e3o contra<\/p>\n<div class=\"read-more-wrapper\"><a class=\"read-more\" href=\"https:\/\/www2.comunitaria.com.br\/en\/em-video-aras-defende-sistema-eleitoral-e-evita-criticar-bolsonaro\/\" title=\"Read More\"> <span class=\"button\">Read More<\/span><\/a><\/div>","protected":false},"author":2,"featured_media":54584,"comment_status":"open","ping_status":"closed","sticky":false,"template":"","format":"standard","meta":{"ngg_post_thumbnail":0,"footnotes":""},"categories":[6173,33,38],"tags":[],"class_list":["post-54582","post","type-post","status-publish","format-standard","has-post-thumbnail","hentry","category-eleicoes-2022","category-noticias","category-politica"],"amp_enabled":true,"_links":{"self":[{"href":"https:\/\/www2.comunitaria.com.br\/en\/wp-json\/wp\/v2\/posts\/54582","targetHints":{"allow":["GET"]}}],"collection":[{"href":"https:\/\/www2.comunitaria.com.br\/en\/wp-json\/wp\/v2\/posts"}],"about":[{"href":"https:\/\/www2.comunitaria.com.br\/en\/wp-json\/wp\/v2\/types\/post"}],"author":[{"embeddable":true,"href":"https:\/\/www2.comunitaria.com.br\/en\/wp-json\/wp\/v2\/users\/2"}],"replies":[{"embeddable":true,"href":"https:\/\/www2.comunitaria.com.br\/en\/wp-json\/wp\/v2\/comments?post=54582"}],"version-history":[{"count":0,"href":"https:\/\/www2.comunitaria.com.br\/en\/wp-json\/wp\/v2\/posts\/54582\/revisions"}],"wp:featuredmedia":[{"embeddable":true,"href":"https:\/\/www2.comunitaria.com.br\/en\/wp-json\/wp\/v2\/media\/54584"}],"wp:attachment":[{"href":"https:\/\/www2.comunitaria.com.br\/en\/wp-json\/wp\/v2\/media?parent=54582"}],"wp:term":[{"taxonomy":"category","embeddable":true,"href":"https:\/\/www2.comunitaria.com.br\/en\/wp-json\/wp\/v2\/categories?post=54582"},{"taxonomy":"post_tag","embeddable":true,"href":"https:\/\/www2.comunitaria.com.br\/en\/wp-json\/wp\/v2\/tags?post=54582"}],"curies":[{"name":"wp","href":"https:\/\/api.w.org\/{rel}","templated":true}]}}