{"id":5458,"date":"2015-07-23T10:56:15","date_gmt":"2015-07-23T12:56:15","guid":{"rendered":"http:\/\/www2.comunitaria.com.br\/?p=5458"},"modified":"2015-07-23T11:00:50","modified_gmt":"2015-07-23T13:00:50","slug":"governo-federal-eleva-o-corte-de-gastos","status":"publish","type":"post","link":"https:\/\/www2.comunitaria.com.br\/en\/governo-federal-eleva-o-corte-de-gastos\/","title":{"rendered":"Governo federal eleva o corte de gastos"},"content":{"rendered":"<div class=\"news\">\n<p>A equipe econ\u00f4mica do Governo Federal anunciou, nesta\u00a0quarta-feira (22), que vai economizar R$ 8,6 bilh\u00f5es em despesas discricion\u00e1rias, como servi\u00e7os de manuten\u00e7\u00e3o, reformas, viagens e di\u00e1rias. Com esta medida, o valor do ajuste fiscal deste ano j\u00e1 passa de R$ 79 bilh\u00f5es.<\/p>\n<p style=\"text-align: justify;\">Al\u00e9m da amplia\u00e7\u00e3o no corte do or\u00e7amento, o governo vai reduzir a meta do super\u00e1vit prim\u00e1rio do setor p\u00fablico, que define a economia que os governos municipais, estaduais e federal\u00a0ter\u00e3o de fazer ao longo de um ano. O objetivo inicial era economizar mais de R$ 66 bilh\u00f5es em 2015.<\/p>\n<p style=\"text-align: justify;\">O corte de gastos ser\u00e1 explicado detalhadamente em um decreto da presidenta Dilma Rousseff. J\u00e1 a altera\u00e7\u00e3o do super\u00e1vit prim\u00e1rio segue para aprecia\u00e7\u00e3o no Congresso Nacional.<\/p>\n<\/div>\n<!--[if lt IE 9]><script>document.createElement('audio');<\/script><![endif]-->\n<audio class=\"wp-audio-shortcode\" id=\"audio-5458-1\" preload=\"none\" style=\"width: 100%;\" controls=\"controls\"><source type=\"audio\/mpeg\" src=\"http:\/\/www2.comunitaria.com.br\/wp-content\/uploads\/2015\/07\/Meta_de_corte_de_gastos_no_governo_%7c_federal_e_elevada_em_R_86_bilhoes1.mp3?_=1\" \/><a href=\"http:\/\/www2.comunitaria.com.br\/wp-content\/uploads\/2015\/07\/Meta_de_corte_de_gastos_no_governo_%7c_federal_e_elevada_em_R_86_bilhoes1.mp3\">http:\/\/www2.comunitaria.com.br\/wp-content\/uploads\/2015\/07\/Meta_de_corte_de_gastos_no_governo_%7c_federal_e_elevada_em_R_86_bilhoes1.mp3<\/a><\/audio>\n<div id=\"attachment_5460\" style=\"width: 664px\" class=\"wp-caption aligncenter\"><a href=\"http:\/\/www2.comunitaria.com.br\/wp-content\/uploads\/2015\/07\/20150118140608.jpg\"><img loading=\"lazy\" decoding=\"async\" aria-describedby=\"caption-attachment-5460\" class=\"wp-image-5460 size-full\" src=\"http:\/\/www2.comunitaria.com.br\/wp-content\/uploads\/2015\/07\/20150118140608.jpg\" alt=\"20150118140608\" width=\"654\" height=\"452\" srcset=\"https:\/\/www2.comunitaria.com.br\/wp-content\/uploads\/2015\/07\/20150118140608.jpg 654w, https:\/\/www2.comunitaria.com.br\/wp-content\/uploads\/2015\/07\/20150118140608-300x207.jpg 300w\" sizes=\"auto, (max-width: 654px) 100vw, 654px\" \/><\/a><p id=\"caption-attachment-5460\" class=\"wp-caption-text\">Jornal de Bras\u00edlia<\/p><\/div>\n<p><strong>\u00c1udio:<\/strong> Radioag\u00eancia Nacional<\/p>","protected":false},"excerpt":{"rendered":"<p>A equipe econ\u00f4mica do Governo Federal anunciou, nesta\u00a0quarta-feira (22), que vai economizar R$ 8,6 bilh\u00f5es em despesas discricion\u00e1rias, como servi\u00e7os de manuten\u00e7\u00e3o, reformas, viagens e di\u00e1rias. Com esta medida, o valor do ajuste fiscal deste ano j\u00e1 passa de R$ 79 bilh\u00f5es. Al\u00e9m da amplia\u00e7\u00e3o no corte do or\u00e7amento, o governo vai reduzir a meta<\/p>\n<div class=\"read-more-wrapper\"><a class=\"read-more\" href=\"https:\/\/www2.comunitaria.com.br\/en\/governo-federal-eleva-o-corte-de-gastos\/\" title=\"Read More\"> <span class=\"button\">Read More<\/span><\/a><\/div>","protected":false},"author":2,"featured_media":5461,"comment_status":"open","ping_status":"closed","sticky":false,"template":"","format":"standard","meta":{"ngg_post_thumbnail":0,"footnotes":""},"categories":[51,47,39,33,38],"tags":[1926,721,384,1079,1233],"class_list":["post-5458","post","type-post","status-publish","format-standard","has-post-thumbnail","hentry","category-audio","category-brasil","category-economia","category-noticias","category-politica","tag-brasil","tag-corte-de-gastos","tag-economia-2","tag-politica","tag-verba"],"amp_enabled":true,"_links":{"self":[{"href":"https:\/\/www2.comunitaria.com.br\/en\/wp-json\/wp\/v2\/posts\/5458","targetHints":{"allow":["GET"]}}],"collection":[{"href":"https:\/\/www2.comunitaria.com.br\/en\/wp-json\/wp\/v2\/posts"}],"about":[{"href":"https:\/\/www2.comunitaria.com.br\/en\/wp-json\/wp\/v2\/types\/post"}],"author":[{"embeddable":true,"href":"https:\/\/www2.comunitaria.com.br\/en\/wp-json\/wp\/v2\/users\/2"}],"replies":[{"embeddable":true,"href":"https:\/\/www2.comunitaria.com.br\/en\/wp-json\/wp\/v2\/comments?post=5458"}],"version-history":[{"count":0,"href":"https:\/\/www2.comunitaria.com.br\/en\/wp-json\/wp\/v2\/posts\/5458\/revisions"}],"wp:featuredmedia":[{"embeddable":true,"href":"https:\/\/www2.comunitaria.com.br\/en\/wp-json\/wp\/v2\/media\/5461"}],"wp:attachment":[{"href":"https:\/\/www2.comunitaria.com.br\/en\/wp-json\/wp\/v2\/media?parent=5458"}],"wp:term":[{"taxonomy":"category","embeddable":true,"href":"https:\/\/www2.comunitaria.com.br\/en\/wp-json\/wp\/v2\/categories?post=5458"},{"taxonomy":"post_tag","embeddable":true,"href":"https:\/\/www2.comunitaria.com.br\/en\/wp-json\/wp\/v2\/tags?post=5458"}],"curies":[{"name":"wp","href":"https:\/\/api.w.org\/{rel}","templated":true}]}}