{"id":54497,"date":"2022-07-15T17:14:14","date_gmt":"2022-07-15T19:14:14","guid":{"rendered":"http:\/\/www2.comunitaria.com.br\/?p=54497"},"modified":"2022-07-15T17:14:14","modified_gmt":"2022-07-15T19:14:14","slug":"bispo-de-fw-reu-por-abuso-sexual-tem-novo-recurso-rejeitado-pela-justica","status":"publish","type":"post","link":"https:\/\/www2.comunitaria.com.br\/en\/bispo-de-fw-reu-por-abuso-sexual-tem-novo-recurso-rejeitado-pela-justica\/","title":{"rendered":"Bispo de FW r\u00e9u por abuso sexual tem novo recurso rejeitado pela justi\u00e7a"},"content":{"rendered":"<p>O Tribunal de Justi\u00e7a (TJ) decidiu n\u00e3o admitir o recurso especial interposto pela defesa de dom Ant\u00f4nio Carlos Rossi Keller, contra a decis\u00e3o que&nbsp;<strong>tornou o religioso r\u00e9u por abuso sexual<\/strong>. A negativa para que o recurso seguisse para o Superior Tribunal de Justi\u00e7a (STJ), onde seria julgado caso tivesse sido admitido, ocorreu em 6 de julho. A decis\u00e3o \u00e9 do desembargador Antonio Vinicius Amaro da Silveira.&nbsp;<\/p>\n<p>Dom Ant\u00f4nio, bispo de&nbsp;<a href=\"https:\/\/gauchazh.clicrbs.com.br\/ultimas-noticias\/tag\/frederico-westphalen\/\"><strong>Frederico Westphalen<\/strong><\/a>, no&nbsp;<a href=\"https:\/\/gauchazh.clicrbs.com.br\/ultimas-noticias\/tag\/norte-do-rs\/\"><strong>norte do RS<\/strong><\/a>, \u00e9 acusado de&nbsp;<a href=\"https:\/\/gauchazh.clicrbs.com.br\/ultimas-noticias\/tag\/crime-sexual\/\"><strong>abuso sexual<\/strong><\/a>&nbsp;contra um ex-cerimoni\u00e1rio que \u00e0 \u00e9poca era menor de idade. Em fevereiro, a 7\u00aa C\u00e2mara Criminal do TJ reformou decis\u00e3o da comarca de Frederico Westphalen e decidiu que na den\u00fancia do Minist\u00e9rio P\u00fablico (MP) havia elementos suficientes para o bispo responder a processo criminal por abuso sexual.<\/p>\n<p>&nbsp;<\/p>\n<p>\u00c0 \u00e9poca, a defesa interp\u00f4s embargos de declara\u00e7\u00e3o, que foram desacolhidos pela 7\u00aa C\u00e2mara. Depois disso, os advogados ingressaram com recurso especial a fim de que o STJ analisasse o assunto.<\/p>\n<p>A decis\u00e3o de n\u00e3o receber o recurso \u2014 o que impede que ele siga para ser julgado em Bras\u00edlia \u2014 se deu com base em fundamentos na s\u00famula 83 do STJ. Ela prev\u00ea que n\u00e3o ser\u00e1 conhecido (aceito) o recurso especial quando a decis\u00e3o questionada estiver em conson\u00e2ncia com o entendimento do STJ. Ou seja, o TJ avaliou que a decis\u00e3o da 7\u00aa C\u00e2mara Criminal, que tornou o bispo r\u00e9u, est\u00e1 alinhada com a jurisprud\u00eancia dominante dos tribunais.<\/p>\n<p>Agora, a defesa ainda pode interpor recurso de agravo junto ao STJ. Se o fizer e o recurso n\u00e3o for acolhido, o processo criminal contra o religioso poder\u00e1 ter andamento na comarca de Frederico Westphalen, tendo o bispo como r\u00e9u.<\/p>\n<p>As apura\u00e7\u00f5es do MP sobre poss\u00edveis abusos por parte de dom Ant\u00f4nio tiveram como base o relato de um ex-cerimoni\u00e1rio \u2014 esp\u00e9cie de ajudante de religiosos em missas e outras tarefas na Igreja \u2014 de Frederico Westphalen.&nbsp;<\/p>\n<p>Ele contou ter sofrido abusos sexuais. Aos 13 anos, o adolescente foi morar com o bispo. A den\u00fancia do MP descreveu que dom Ant\u00f4nio, &#8220;aproveitando-se da condi\u00e7\u00e3o de bispo da Igreja Cat\u00f3lica Apost\u00f3lica Romana, reiteradamente praticou ato libidinoso&#8221; com a v\u00edtima.<\/p>\n<p>A&nbsp;<strong>Igreja Cat\u00f3lica<\/strong>&nbsp;fez tr\u00eas averigua\u00e7\u00f5es das suspeitas e disse n\u00e3o ter encontrado fundamentos que comprovassem as den\u00fancias. O bispo acabou absolvido no processo can\u00f4nico.<\/p>\n<p><strong>O que diz a defesa do dom Ant\u00f4nio &nbsp;Carlos Rossi Keller:<\/strong><\/p>\n<p>No recurso especial, a defesa alegou que a decis\u00e3o do TJ, que tornou o bispo r\u00e9u, \u00e9 contr\u00e1ria a lei, e que a den\u00fancia seria inepta.<\/p>\n<p>&nbsp;<\/p>","protected":false},"excerpt":{"rendered":"<p>O Tribunal de Justi\u00e7a (TJ) decidiu n\u00e3o admitir o recurso especial interposto pela defesa de dom Ant\u00f4nio Carlos Rossi Keller, contra a decis\u00e3o que&nbsp;tornou o religioso r\u00e9u por abuso sexual&#8230;.<\/p>","protected":false},"author":2,"featured_media":54499,"comment_status":"open","ping_status":"closed","sticky":false,"template":"","format":"standard","meta":{"ngg_post_thumbnail":0,"footnotes":""},"categories":[28],"tags":[],"class_list":["post-54497","post","type-post","status-publish","format-standard","has-post-thumbnail","hentry","category-destaque"],"amp_enabled":true,"_links":{"self":[{"href":"https:\/\/www2.comunitaria.com.br\/en\/wp-json\/wp\/v2\/posts\/54497","targetHints":{"allow":["GET"]}}],"collection":[{"href":"https:\/\/www2.comunitaria.com.br\/en\/wp-json\/wp\/v2\/posts"}],"about":[{"href":"https:\/\/www2.comunitaria.com.br\/en\/wp-json\/wp\/v2\/types\/post"}],"author":[{"embeddable":true,"href":"https:\/\/www2.comunitaria.com.br\/en\/wp-json\/wp\/v2\/users\/2"}],"replies":[{"embeddable":true,"href":"https:\/\/www2.comunitaria.com.br\/en\/wp-json\/wp\/v2\/comments?post=54497"}],"version-history":[{"count":0,"href":"https:\/\/www2.comunitaria.com.br\/en\/wp-json\/wp\/v2\/posts\/54497\/revisions"}],"wp:featuredmedia":[{"embeddable":true,"href":"https:\/\/www2.comunitaria.com.br\/en\/wp-json\/wp\/v2\/media\/54499"}],"wp:attachment":[{"href":"https:\/\/www2.comunitaria.com.br\/en\/wp-json\/wp\/v2\/media?parent=54497"}],"wp:term":[{"taxonomy":"category","embeddable":true,"href":"https:\/\/www2.comunitaria.com.br\/en\/wp-json\/wp\/v2\/categories?post=54497"},{"taxonomy":"post_tag","embeddable":true,"href":"https:\/\/www2.comunitaria.com.br\/en\/wp-json\/wp\/v2\/tags?post=54497"}],"curies":[{"name":"wp","href":"https:\/\/api.w.org\/{rel}","templated":true}]}}