{"id":54484,"date":"2022-07-14T17:44:07","date_gmt":"2022-07-14T19:44:07","guid":{"rendered":"http:\/\/www2.comunitaria.com.br\/?p=54484"},"modified":"2022-07-14T17:44:07","modified_gmt":"2022-07-14T19:44:07","slug":"ufsm-fw-promove-roda-de-conversa-sobre-infeccoes-sexualmente-transmissiveis-em-alusao-ao-julho-amarelo","status":"publish","type":"post","link":"https:\/\/www2.comunitaria.com.br\/en\/ufsm-fw-promove-roda-de-conversa-sobre-infeccoes-sexualmente-transmissiveis-em-alusao-ao-julho-amarelo\/","title":{"rendered":"UFSM\/FW promove Roda de Conversa sobre Infec\u00e7\u00f5es Sexualmente Transmiss\u00edveis, em alus\u00e3o ao Julho Amarelo"},"content":{"rendered":"<p>O Campus da Universidade Federal de Santa Maria, Frederico Westphalen, juntamente com a equipe do Servi\u00e7o de Assist\u00eancia Especializada (SAE) de Frederico Westphalen e o N\u00facleo de Apoio \u00e0 Sa\u00fade (NAS) ir\u00e3o promover no dia 20 de julho, \u00e0s 09:30, no Centro de Conviv\u00eancia da universidade uma Roda de Conversa sobre Infec\u00e7\u00f5es Sexualmente Transmiss\u00edveis, em alus\u00e3o ao Julho Amarelo.<\/p>\n<p>O objetivo da a\u00e7\u00e3o \u00e9 sanar d\u00favidas sobre a tem\u00e1tica, apresentar o servi\u00e7o e os profissionais, visando refor\u00e7ar as a\u00e7\u00f5es de vigil\u00e2ncia, preven\u00e7\u00e3o e controle das hepatites virais. Toda os estudantes da UFSM\/FW est\u00e3o convidados a participar, entretanto \u00e9 necess\u00e1rio se inscrever para o evento at\u00e9 o dia 18 de julho.<\/p>\n<p>O formul\u00e1rio para inscri\u00e7\u00e3o \u00e9: https:\/\/forms.gle\/ACcK9ZxJ6wmH3eGT6<\/p>","protected":false},"excerpt":{"rendered":"<p>O Campus da Universidade Federal de Santa Maria, Frederico Westphalen, juntamente com a equipe do Servi\u00e7o de Assist\u00eancia Especializada (SAE) de Frederico Westphalen e o N\u00facleo de Apoio \u00e0 Sa\u00fade&#8230;<\/p>","protected":false},"author":2,"featured_media":54486,"comment_status":"open","ping_status":"closed","sticky":false,"template":"","format":"standard","meta":{"ngg_post_thumbnail":0,"footnotes":""},"categories":[47,44,33],"tags":[],"class_list":["post-54484","post","type-post","status-publish","format-standard","has-post-thumbnail","hentry","category-brasil","category-educacao","category-noticias"],"amp_enabled":true,"_links":{"self":[{"href":"https:\/\/www2.comunitaria.com.br\/en\/wp-json\/wp\/v2\/posts\/54484","targetHints":{"allow":["GET"]}}],"collection":[{"href":"https:\/\/www2.comunitaria.com.br\/en\/wp-json\/wp\/v2\/posts"}],"about":[{"href":"https:\/\/www2.comunitaria.com.br\/en\/wp-json\/wp\/v2\/types\/post"}],"author":[{"embeddable":true,"href":"https:\/\/www2.comunitaria.com.br\/en\/wp-json\/wp\/v2\/users\/2"}],"replies":[{"embeddable":true,"href":"https:\/\/www2.comunitaria.com.br\/en\/wp-json\/wp\/v2\/comments?post=54484"}],"version-history":[{"count":0,"href":"https:\/\/www2.comunitaria.com.br\/en\/wp-json\/wp\/v2\/posts\/54484\/revisions"}],"wp:featuredmedia":[{"embeddable":true,"href":"https:\/\/www2.comunitaria.com.br\/en\/wp-json\/wp\/v2\/media\/54486"}],"wp:attachment":[{"href":"https:\/\/www2.comunitaria.com.br\/en\/wp-json\/wp\/v2\/media?parent=54484"}],"wp:term":[{"taxonomy":"category","embeddable":true,"href":"https:\/\/www2.comunitaria.com.br\/en\/wp-json\/wp\/v2\/categories?post=54484"},{"taxonomy":"post_tag","embeddable":true,"href":"https:\/\/www2.comunitaria.com.br\/en\/wp-json\/wp\/v2\/tags?post=54484"}],"curies":[{"name":"wp","href":"https:\/\/api.w.org\/{rel}","templated":true}]}}