{"id":54469,"date":"2022-07-14T14:59:48","date_gmt":"2022-07-14T16:59:48","guid":{"rendered":"http:\/\/www2.comunitaria.com.br\/?p=54469"},"modified":"2022-07-14T14:59:48","modified_gmt":"2022-07-14T16:59:48","slug":"e-fake-que-casos-de-herpes-zoster-e-cancer-podem-estar-relacionados-aos-imunizantes-contra-a-covid-19","status":"publish","type":"post","link":"https:\/\/www2.comunitaria.com.br\/en\/e-fake-que-casos-de-herpes-zoster-e-cancer-podem-estar-relacionados-aos-imunizantes-contra-a-covid-19\/","title":{"rendered":"\u00c9 #FAKE que casos de herpes-z\u00f3ster e c\u00e2ncer podem estar relacionados aos imunizantes contra a Covid-19"},"content":{"rendered":"<p><span style=\"font-weight: 400;\">Est\u00e1 sendo divulgado um v\u00eddeo que atribui casos de herpes-z\u00f3ster e c\u00e2ncer aos imunizantes contra a Covid-19. Tome cuidado, essa not\u00edcia \u00e9 falsa!<\/span><\/p>\n<p><span style=\"font-weight: 400;\">O conte\u00fado, publicado por um m\u00e9dico no Instagram, questiona a seguran\u00e7a das vacinas contra o coronav\u00edrus, e afirma que pessoas est\u00e3o adoecendo ap\u00f3s receberem os imunizantes. Essa \u00e9 s\u00f3 mais uma das not\u00edcias falsas que circulam pelas redes, e que ajudam a aumentar as d\u00favidas da popula\u00e7\u00e3o a respeito da seguran\u00e7a das vacinas.&nbsp;<\/span><\/p>\n<p><span style=\"font-weight: 400;\">Entretanto, essa informa\u00e7\u00e3o n\u00e3o tem nenhum respaldo cient\u00edfico. A Anvisa confirmou que, at\u00e9 o momento, n\u00e3o h\u00e1 qualquer evid\u00eancia sobre a rela\u00e7\u00e3o de herpes-z\u00f3ster com o uso das vacinas contra covid. A ag\u00eancia n\u00e3o recebeu nem notifica\u00e7\u00f5es de eventos adversos relacionados a essas doen\u00e7as.<\/span><\/p>\n<p><span style=\"font-weight: 400;\">De acordo com a Anvisa, todas as vacinas analisadas e autorizadas s\u00e3o seguras e possuem perfis de efic\u00e1cia definidos por estudos, e seguem sendo monitoradas. Tamb\u00e9m segundo o \u00f3rg\u00e3o, at\u00e9 o momento, o monitoramento das vacinas n\u00e3o aponta altera\u00e7\u00f5es no perfil de seguran\u00e7a das doses aplicadas na popula\u00e7\u00e3o brasileira, independentemente de serem a primeira dose ou alguma das de refor\u00e7o.<\/span><\/p>\n<p><span style=\"font-weight: 400;\">Ainda, especialistas afirmam que \u00e9 normal existir an\u00e1lises sobre uma poss\u00edvel correla\u00e7\u00e3o entre uma vacina e a ocorr\u00eancia de diversas doen\u00e7as. Normalmente, s\u00e3o investiga\u00e7\u00f5es de um caso espec\u00edfico de uma pessoa ou an\u00e1lises observacionais, que n\u00e3o garantem uma rela\u00e7\u00e3o de causa e efeito. Entre estas an\u00e1lises est\u00e3o trabalhos sobre a herpes-z\u00f3ster, mas, at\u00e9 o momento, n\u00e3o existe nenhuma conclus\u00e3o ligando a doen\u00e7a com a vacina contra a covid-19.&nbsp;<\/span><\/p>\n<p><span style=\"font-weight: 400;\">Entretanto, h\u00e1 ind\u00edcios mais fortes para uma rela\u00e7\u00e3o entre herpes-z\u00f3ster e a covid, do que com a vacina contra a doen\u00e7a. Uma <\/span><span style=\"font-weight: 400;\">pesquisa realizada por profissionais da Universidade Estadual de Montes Claros<\/span><span style=\"font-weight: 400;\">, em Minas Gerais, mostrou um crescimento de 35% desse tipo de herpes durante a pandemia. O documento n\u00e3o faz diferencia\u00e7\u00e3o entre vacinados e n\u00e3o-vacinados, mas os cientistas acreditam que o aumento \u00e9 um forte ind\u00edcio de correla\u00e7\u00e3o entre a herpes e a infec\u00e7\u00e3o pelo coronav\u00edrus. Outros estudos internacionais tamb\u00e9m apontam para um risco aumentado de ocorr\u00eancia de herpes-z\u00f3ster em pessoas que tiveram contato com o coronav\u00edrus, e n\u00e3o com o imunizante que protege contra a doen\u00e7a.<\/span><\/p>\n<p><span style=\"font-weight: 400;\">A Anvisa tamb\u00e9m informou que n\u00e3o h\u00e1 evid\u00eancia nos estudos pr\u00e9-cl\u00ednicos (feitos com animais) e cl\u00ednicos (feitos com pessoas) de que as vacinas contra covid-19 sejam capazes de induzir muta\u00e7\u00f5es gen\u00e9ticas ou desenvolvimento de c\u00e2ncer.&nbsp;<\/span><\/p>\n<p><span style=\"font-weight: 400;\">\u00c9 importante lembrar que, de acordo com a <\/span><a href=\"https:\/\/www.who.int\/news-room\/questions-and-answers\/item\/vaccines-and-immunization-vaccine-safety\"><span style=\"font-weight: 400;\">OMS<\/span><\/a><span style=\"font-weight: 400;\">, uma vez identificada uma vacina promissora, ela passar\u00e1 primeiro por testes laboratoriais e, posteriormente, o fabricante pode solicitar a realiza\u00e7\u00e3o de ensaios cl\u00ednicos. Esses ensaios geralmente envolvem milhares de participantes volunt\u00e1rios saud\u00e1veis. A seguran\u00e7a dos testes \u00e9 garantida pelas autoridades reguladoras nacionais.<\/span><\/p>\n<p><span style=\"font-weight: 400;\">Al\u00e9m disso, os estudos continuam a ocorrer ap\u00f3s a introdu\u00e7\u00e3o de uma vacina no mercado. A chamada fase de farmacovigil\u00e2ncia permite que os cientistas monitorem a efic\u00e1cia e a seguran\u00e7a entre um n\u00famero ainda maior de pessoas, por um per\u00edodo de tempo mais longo.<\/span><\/p>\n<p><span style=\"font-weight: 400;\">As vacinas brasileiras aprovadas pela Anvisa t\u00eam os poss\u00edveis efeitos adversos descritos nas bulas. Os relatos s\u00e3o atualizados atrav\u00e9s de registros cient\u00edficos e publicados no pr\u00f3prio site da ag\u00eancia, onde todos podem ler.<\/span><\/p>\n<p><span style=\"font-weight: 400;\">Nos documentos, \u00e9 poss\u00edvel ter acesso a dados importantes que garantem a seguran\u00e7a das vacinas, como os resultados da efic\u00e1cia do produto em diferentes grupos e descri\u00e7\u00e3o de poss\u00edveis eventos adversos. Nenhum dos imunizantes usados no pa\u00eds (<\/span><a href=\"https:\/\/consultas.anvisa.gov.br\/#\/bulario\/detalhe\/1924271?nomeProduto=COMIRNATY\"><span style=\"font-weight: 400;\">Pfizer<\/span><\/a><span style=\"font-weight: 400;\">, <\/span><a href=\"https:\/\/www.gov.br\/anvisa\/pt-br\/assuntos\/medicamentos\/bulas-e-rotulos\/bulas-uso-emergencial\/vacinas\/bula-coronavac-atualizada.pdf\"><span style=\"font-weight: 400;\">Coronavac<\/span><\/a><span style=\"font-weight: 400;\">, <\/span><a href=\"https:\/\/consultas.anvisa.gov.br\/#\/bulario\/q\/?numeroRegistro=112363438\"><span style=\"font-weight: 400;\">Janssen <\/span><\/a><span style=\"font-weight: 400;\">e <\/span><a href=\"https:\/\/consultas.anvisa.gov.br\/#\/medicamentos\/25351976294202126\/\"><span style=\"font-weight: 400;\">Astrazeneca<\/span><\/a><span style=\"font-weight: 400;\">) tem c\u00e2ncer, herpes-z\u00f3ster ou outra doen\u00e7a respirat\u00f3ria citados como poss\u00edveis efeitos adversos da vacina\u00e7\u00e3o contra o coronav\u00edrus.<\/span><\/p>","protected":false},"excerpt":{"rendered":"<p>Est\u00e1 sendo divulgado um v\u00eddeo que atribui casos de herpes-z\u00f3ster e c\u00e2ncer aos imunizantes contra a Covid-19. Tome cuidado, essa not\u00edcia \u00e9 falsa! O conte\u00fado, publicado por um m\u00e9dico no&#8230;<\/p>","protected":false},"author":2,"featured_media":54471,"comment_status":"open","ping_status":"closed","sticky":false,"template":"","format":"standard","meta":{"ngg_post_thumbnail":0,"footnotes":""},"categories":[6170,37],"tags":[],"class_list":["post-54469","post","type-post","status-publish","format-standard","has-post-thumbnail","hentry","category-fato-ou-fake","category-saude"],"amp_enabled":true,"_links":{"self":[{"href":"https:\/\/www2.comunitaria.com.br\/en\/wp-json\/wp\/v2\/posts\/54469","targetHints":{"allow":["GET"]}}],"collection":[{"href":"https:\/\/www2.comunitaria.com.br\/en\/wp-json\/wp\/v2\/posts"}],"about":[{"href":"https:\/\/www2.comunitaria.com.br\/en\/wp-json\/wp\/v2\/types\/post"}],"author":[{"embeddable":true,"href":"https:\/\/www2.comunitaria.com.br\/en\/wp-json\/wp\/v2\/users\/2"}],"replies":[{"embeddable":true,"href":"https:\/\/www2.comunitaria.com.br\/en\/wp-json\/wp\/v2\/comments?post=54469"}],"version-history":[{"count":0,"href":"https:\/\/www2.comunitaria.com.br\/en\/wp-json\/wp\/v2\/posts\/54469\/revisions"}],"wp:featuredmedia":[{"embeddable":true,"href":"https:\/\/www2.comunitaria.com.br\/en\/wp-json\/wp\/v2\/media\/54471"}],"wp:attachment":[{"href":"https:\/\/www2.comunitaria.com.br\/en\/wp-json\/wp\/v2\/media?parent=54469"}],"wp:term":[{"taxonomy":"category","embeddable":true,"href":"https:\/\/www2.comunitaria.com.br\/en\/wp-json\/wp\/v2\/categories?post=54469"},{"taxonomy":"post_tag","embeddable":true,"href":"https:\/\/www2.comunitaria.com.br\/en\/wp-json\/wp\/v2\/tags?post=54469"}],"curies":[{"name":"wp","href":"https:\/\/api.w.org\/{rel}","templated":true}]}}