{"id":54452,"date":"2022-07-13T17:26:10","date_gmt":"2022-07-13T19:26:10","guid":{"rendered":"http:\/\/www2.comunitaria.com.br\/?p=54452"},"modified":"2022-07-13T17:26:10","modified_gmt":"2022-07-13T19:26:10","slug":"rs-governo-desiste-de-vender-acoes-da-corsan-mas-quer-privatizacao-total-ainda-em-2022","status":"publish","type":"post","link":"https:\/\/www2.comunitaria.com.br\/en\/rs-governo-desiste-de-vender-acoes-da-corsan-mas-quer-privatizacao-total-ainda-em-2022\/","title":{"rendered":"RS: Governo desiste de vender a\u00e7\u00f5es da Corsan, mas quer privatiza\u00e7\u00e3o total ainda em 2022"},"content":{"rendered":"<p>Na manh\u00e3 desta quarta-feira, 13, o governador do Rio Grande do Sul, Ranolfo Vieira J\u00fanior (PSDB), anunciou a desist\u00eancia do processo de venda de a\u00e7\u00f5es da Companhia Rio Grandense de Saneamento (Corsan).<br \/>\nO processo estava previsto para acontecer neste m\u00eas de julho, mas foi suspenso na semana passada pelo Tribunal de Contas do Estado (TCE-RS), que considerou que seriam necess\u00e1rias \u201cfundamentadas corre\u00e7\u00f5es na modelagem econ\u00f4mico financeira adotada para a desestatiza\u00e7\u00e3o\u201d.<br \/>\nApesar de acatar a decis\u00e3o do TCE, o governo anunciou que n\u00e3o ir\u00e1 desistir da privatiza\u00e7\u00e3o da empresa, apenas mudar\u00e1 o formato do processo. A ideia agora \u00e9 realizar a venda integral da Corsan, aos moldes do que fez com a Companhia Estadual de Energia El\u00e9trica (CEEE) e a Companhia de G\u00e1s do Estado do Rio Grande do Sul (Sulg\u00e1s).<br \/>\nA privatiza\u00e7\u00e3o da Corsan foi autorizada pela Assembleia Legislativa em agosto de 2021, o que estava previsto para ocorrer por meio de oferta p\u00fablica inicial de a\u00e7\u00f5es (IPO). A partir do IPO, o Estado passaria a ter cerca de 30% das a\u00e7\u00f5es da empresa, deixando de ser acionista controlador para ser acionista de refer\u00eancia.<br \/>\nSegundo o Secret\u00e1rio Extraordin\u00e1rio de Parcerias, Leonardo Busatto, o entendimento do governo \u00e9 de que a venda de 100% das a\u00e7\u00f5es \u00e9 um processo mais r\u00e1pido e poderia ser conclu\u00eddo ainda em 2022. \u201cN\u00f3s entendemos que \u00e9 um processo mais c\u00e9lere, mais r\u00e1pido, de mais f\u00e1cil entendimento e menos debate das quest\u00f5es t\u00e9cnicas, e n\u00f3s atingir\u00edamos mais ou menos o mesmo objetivo. N\u00f3s entend\u00edamos que a oferta de a\u00e7\u00f5es tinha algumas vantagens, mas o objetivo continua sendo o mesmo e, a partir dessa reformula\u00e7\u00e3o determinada pelo governador Ranolfo, n\u00f3s pretendemos at\u00e9 o final do ano fazer a conclus\u00e3o do processo\u201d, afirmou.<\/p>\n<p>&nbsp;<\/p>\n<p><em>Com informa\u00e7\u00f5es Sul21**<\/em><\/p>","protected":false},"excerpt":{"rendered":"<p>Na manh\u00e3 desta quarta-feira, 13, o governador do Rio Grande do Sul, Ranolfo Vieira J\u00fanior (PSDB), anunciou a desist\u00eancia do processo de venda de a\u00e7\u00f5es da Companhia Rio Grandense de&#8230;<\/p>","protected":false},"author":2,"featured_media":35758,"comment_status":"open","ping_status":"closed","sticky":false,"template":"","format":"standard","meta":{"ngg_post_thumbnail":0,"footnotes":""},"categories":[39,46,33],"tags":[],"class_list":["post-54452","post","type-post","status-publish","format-standard","has-post-thumbnail","hentry","category-economia","category-estado","category-noticias"],"amp_enabled":true,"_links":{"self":[{"href":"https:\/\/www2.comunitaria.com.br\/en\/wp-json\/wp\/v2\/posts\/54452","targetHints":{"allow":["GET"]}}],"collection":[{"href":"https:\/\/www2.comunitaria.com.br\/en\/wp-json\/wp\/v2\/posts"}],"about":[{"href":"https:\/\/www2.comunitaria.com.br\/en\/wp-json\/wp\/v2\/types\/post"}],"author":[{"embeddable":true,"href":"https:\/\/www2.comunitaria.com.br\/en\/wp-json\/wp\/v2\/users\/2"}],"replies":[{"embeddable":true,"href":"https:\/\/www2.comunitaria.com.br\/en\/wp-json\/wp\/v2\/comments?post=54452"}],"version-history":[{"count":0,"href":"https:\/\/www2.comunitaria.com.br\/en\/wp-json\/wp\/v2\/posts\/54452\/revisions"}],"wp:featuredmedia":[{"embeddable":true,"href":"https:\/\/www2.comunitaria.com.br\/en\/wp-json\/wp\/v2\/media\/35758"}],"wp:attachment":[{"href":"https:\/\/www2.comunitaria.com.br\/en\/wp-json\/wp\/v2\/media?parent=54452"}],"wp:term":[{"taxonomy":"category","embeddable":true,"href":"https:\/\/www2.comunitaria.com.br\/en\/wp-json\/wp\/v2\/categories?post=54452"},{"taxonomy":"post_tag","embeddable":true,"href":"https:\/\/www2.comunitaria.com.br\/en\/wp-json\/wp\/v2\/tags?post=54452"}],"curies":[{"name":"wp","href":"https:\/\/api.w.org\/{rel}","templated":true}]}}