{"id":54406,"date":"2022-07-08T15:26:33","date_gmt":"2022-07-08T17:26:33","guid":{"rendered":"http:\/\/www2.comunitaria.com.br\/?p=54406"},"modified":"2022-07-08T15:26:33","modified_gmt":"2022-07-08T17:26:33","slug":"de-acordo-com-ibge-inflacao-avanca-067-em-junho-a-maior-taxa-para-o-mes-em-4-anos-diz-ibge","status":"publish","type":"post","link":"https:\/\/www2.comunitaria.com.br\/en\/de-acordo-com-ibge-inflacao-avanca-067-em-junho-a-maior-taxa-para-o-mes-em-4-anos-diz-ibge\/","title":{"rendered":"De acordo com IBGE, infla\u00e7\u00e3o avan\u00e7a 0,67% em junho, a maior taxa para o m\u00eas em 4 anos, diz IBGE"},"content":{"rendered":"<p>A infla\u00e7\u00e3o oficial de pre\u00e7os do Brasil voltou a ganhar ritmo ao subir 0,67% em julho, na compara\u00e7\u00e3o com o maio. A varia\u00e7\u00e3o \u00e9 a maior para o m\u00eas desde 2018 (1,26%), mostram dados divulgados nesta sexta-feira pelo Instituto Brasileiro de Geografia e Estat\u00edstica (IBGE). O resultado interrompe a sequ\u00eancia de duas desacelera\u00e7\u00f5es consecutivas e faz o \u00cdndice de Pre\u00e7os ao Consumidor Amplo (IPCA) fechar o primeiro semestre de 2022 com alta de 5,49%. Nos \u00faltimos 12 meses, o indicador acumula avan\u00e7o de 11,89%.<br \/>\nNo m\u00eas, alta maior do \u00edndice foi influenciada principalmente pelo aumento de 0,8% nos pre\u00e7os dos itens que comp\u00f5em o grupo de alimenta\u00e7\u00e3o e bebidas, que tem grande peso no \u00edndice geral (21,26%). O dado foi puxado, em especial, pelo aumento nos pre\u00e7os dos alimentos para consumo fora do domic\u00edlio (1,26%), com destaque para a refei\u00e7\u00e3o (0,95%) e o lanche (2,21%).<br \/>\n&#8220;Nos \u00faltimos meses, esses itens n\u00e3o acompanharam a alta de alimentos nos domic\u00edlios, como a cenoura e o tomate, e ficaram est\u00e1veis&#8221;, afirma Pedro Kislanov, gerente respons\u00e1vel pelo IPCA. &#8220;Assim como outros servi\u00e7os que tiveram a demanda reprimida na pandemia, h\u00e1 tamb\u00e9m uma retomada na busca pela refei\u00e7\u00e3o fora de casa. Isso \u00e9 refletido nos pre\u00e7os&#8221;, explica ele.<br \/>\nNa refei\u00e7\u00f5es dentro de casa, os pre\u00e7os do leite longa vida (+10,72%) e do feij\u00e3o-carioca (+9,74%) foram os mais sentidos no bolso. Com isso, os alimentos para consumo no domic\u00edlio subiram 0,63%. Por outro lado, houve queda em itens importantes desse grupo, como a cenoura (-23,36%), a cebola (-7,06%), a batata-inglesa (-3,47%) e o tomate (-2,7%).<br \/>\nKislanov avalia que dois fatores que influenciam a queda desses alimentos: o componente sazonal e a base de compara\u00e7\u00e3o alta devido ao grande aumento de pre\u00e7os nos primeiros meses do ano. &#8220;A partir de abril e maio, o clima come\u00e7a a ficar seco e isso melhora a produ\u00e7\u00e3o, a oferta aumenta e os pre\u00e7os caem&#8221;, pontua o pesquisador.<br \/>\nOutro fator que influenciou o resultado do \u00edndice em junho foi o aumento dos planos de sa\u00fade (+2,99%) ap\u00f3s a Ag\u00eancia Nacional de Sa\u00fade Suplementar (ANS) autorizar o reajuste de at\u00e9 15,5% nos conv\u00eanios individuais, com vig\u00eancia a partir de maio e o ciclo se encerrando em abril de 2023.<br \/>\n&#8220;No IPCA, houve, em junho, a apropria\u00e7\u00e3o das fra\u00e7\u00f5es mensais de maio e junho, o que impactou bastante esse resultado\u201d, pontua Kislanov ao citar que o item representou o maior impacto individual no \u00edndice do m\u00eas (0,10 p.p.) e impulsionou a alta de 1,24% no grupo de sa\u00fade e cuidados pessoais.<br \/>\nCom a manuten\u00e7\u00e3o da infla\u00e7\u00e3o na casa dos dois d\u00edgitos, o Banco Central (BC) admite que o \u00edndice encerrar\u00e1 2022 acima do teto da meta pelo segundo ano seguido. O alvo do Conselho Monet\u00e1rio Nacional (CMN) para o IPCA \u00e9 3,5%, com margem de toler\u00e2ncia de 1,5 ponto (de 2% a 5%).<br \/>\nO novo furo do teto da meta tamb\u00e9m \u00e9 previsto pelo Minist\u00e9rio da Economia, que revisou de 6,5% para 7,9% a expectativa de infla\u00e7\u00e3o para este ano. Para o mercado financeiro, o indicador oficial deve fechar o ano em 8,89%.<br \/>\nPara o c\u00e1lculo do \u00edndice do m\u00eas, foram comparados os pre\u00e7os coletados no per\u00edodo de 28 de maio a 29 de junho de 2022 (refer\u00eancia) com os pre\u00e7os vigentes no per\u00edodo de 30 de abril a 27 de maio de 2022 (base).<\/p>\n<p>&nbsp;<\/p>\n<p>&nbsp;<\/p>","protected":false},"excerpt":{"rendered":"<p>A infla\u00e7\u00e3o oficial de pre\u00e7os do Brasil voltou a ganhar ritmo ao subir 0,67% em julho, na compara\u00e7\u00e3o com o maio. A varia\u00e7\u00e3o \u00e9 a maior para o m\u00eas desde&#8230;<\/p>","protected":false},"author":2,"featured_media":54408,"comment_status":"open","ping_status":"closed","sticky":false,"template":"","format":"standard","meta":{"ngg_post_thumbnail":0,"footnotes":""},"categories":[47,39,33],"tags":[],"class_list":["post-54406","post","type-post","status-publish","format-standard","has-post-thumbnail","hentry","category-brasil","category-economia","category-noticias"],"amp_enabled":true,"_links":{"self":[{"href":"https:\/\/www2.comunitaria.com.br\/en\/wp-json\/wp\/v2\/posts\/54406","targetHints":{"allow":["GET"]}}],"collection":[{"href":"https:\/\/www2.comunitaria.com.br\/en\/wp-json\/wp\/v2\/posts"}],"about":[{"href":"https:\/\/www2.comunitaria.com.br\/en\/wp-json\/wp\/v2\/types\/post"}],"author":[{"embeddable":true,"href":"https:\/\/www2.comunitaria.com.br\/en\/wp-json\/wp\/v2\/users\/2"}],"replies":[{"embeddable":true,"href":"https:\/\/www2.comunitaria.com.br\/en\/wp-json\/wp\/v2\/comments?post=54406"}],"version-history":[{"count":0,"href":"https:\/\/www2.comunitaria.com.br\/en\/wp-json\/wp\/v2\/posts\/54406\/revisions"}],"wp:featuredmedia":[{"embeddable":true,"href":"https:\/\/www2.comunitaria.com.br\/en\/wp-json\/wp\/v2\/media\/54408"}],"wp:attachment":[{"href":"https:\/\/www2.comunitaria.com.br\/en\/wp-json\/wp\/v2\/media?parent=54406"}],"wp:term":[{"taxonomy":"category","embeddable":true,"href":"https:\/\/www2.comunitaria.com.br\/en\/wp-json\/wp\/v2\/categories?post=54406"},{"taxonomy":"post_tag","embeddable":true,"href":"https:\/\/www2.comunitaria.com.br\/en\/wp-json\/wp\/v2\/tags?post=54406"}],"curies":[{"name":"wp","href":"https:\/\/api.w.org\/{rel}","templated":true}]}}