{"id":54363,"date":"2022-07-06T17:31:42","date_gmt":"2022-07-06T19:31:42","guid":{"rendered":"http:\/\/www2.comunitaria.com.br\/?p=54363"},"modified":"2022-07-06T17:31:42","modified_gmt":"2022-07-06T19:31:42","slug":"associados-da-creluz-serao-entrevistados-na-pesquisa-iasc-2022","status":"publish","type":"post","link":"https:\/\/www2.comunitaria.com.br\/en\/associados-da-creluz-serao-entrevistados-na-pesquisa-iasc-2022\/","title":{"rendered":"Associados da Creluz ser\u00e3o entrevistados na Pesquisa IASC 2022"},"content":{"rendered":"<p>Pesquisa IASC 2022 Anualmente, desde o ano de 2000, a Aneel realiza uma pesquisa de opini\u00e3o junto aos consumidores residenciais das concession\u00e1rias do pa\u00eds, tento por objetivo apurar o grau de satisfa\u00e7\u00e3o em rela\u00e7\u00e3o aos servi\u00e7os prestados pelas mesmas, denominado \u00cdndice ANEEL de Satisfa\u00e7\u00e3o do Consumidor \u2013 IASC.<\/p>\n<p>Em 2014 a Aneel iniciou a pesquisa IASC tamb\u00e9m nas permission\u00e1rias. A etapa de campo da 23\u00aa pesquisa para apura\u00e7\u00e3o do \u00cdndice ANEEL de Satisfa\u00e7\u00e3o do Consumidor \u2013 IASC 2022, ser\u00e1 realizada entre 05 de junho de 2022 e 05 de outubro de 2022 pela empresa Qualitest Intelig\u00eancia em Pesquisa.<\/p>\n<p>Na \u00e1rea de abrang\u00eancia da Creluz ser\u00e3o realizadas pesquisas nos seguintes munic\u00edpios: Rodeio Bonito, Ametista do Sul, Cristal do Sul, Pinhal, Cerro Grande e Lajeado do Bugre. Os profissionais da Qualitest, que realizam a pesquisa para ANEEL, devem estar identificados com crach\u00e1 com foto e em virtude da pandemia estar\u00e3o observando todas as cautelas sanit\u00e1rias recomendadas, tais como uso obrigat\u00f3rio de m\u00e1scara, distanciamento e \u00e1lcool em gel.<\/p>\n<p>Al\u00e9m disso, destaca-se que, prioritariamente, os deslocamentos das equipes de campo ser\u00e3o realizados com ve\u00edculo de uso exclusivo da equipe com identifica\u00e7\u00e3o da Qualitest nas portas. Cada um dos entrevistadores porta uma \u201cNota de esclarecimento aos consumidores\u201d, que cont\u00e9m, al\u00e9m da motiva\u00e7\u00e3o da pesquisa, os contatos para que os consumidores possam checar o nome completo e o CPF do entrevistador que o est\u00e1 abordando, em uma listagem dispon\u00edvel para os teleatendentes da ANEEL no 167.<\/p>\n<p>Dessa forma, ligando no n\u00famero 167 \u00e9 poss\u00edvel verificar se a pessoa que est\u00e1 em sua resid\u00eancia \u00e9 o entrevistador da empresa Qualitest que est\u00e1 prestando servi\u00e7o para a ANEEL. A liga\u00e7\u00e3o \u00e9 gratuita<\/p>","protected":false},"excerpt":{"rendered":"<p>Pesquisa IASC 2022 Anualmente, desde o ano de 2000, a Aneel realiza uma pesquisa de opini\u00e3o junto aos consumidores residenciais das concession\u00e1rias do pa\u00eds, tento por objetivo apurar o grau&#8230;<\/p>","protected":false},"author":2,"featured_media":54365,"comment_status":"open","ping_status":"closed","sticky":false,"template":"","format":"standard","meta":{"ngg_post_thumbnail":0,"footnotes":""},"categories":[28,33,43],"tags":[],"class_list":["post-54363","post","type-post","status-publish","format-standard","has-post-thumbnail","hentry","category-destaque","category-noticias","category-regiao"],"amp_enabled":true,"_links":{"self":[{"href":"https:\/\/www2.comunitaria.com.br\/en\/wp-json\/wp\/v2\/posts\/54363","targetHints":{"allow":["GET"]}}],"collection":[{"href":"https:\/\/www2.comunitaria.com.br\/en\/wp-json\/wp\/v2\/posts"}],"about":[{"href":"https:\/\/www2.comunitaria.com.br\/en\/wp-json\/wp\/v2\/types\/post"}],"author":[{"embeddable":true,"href":"https:\/\/www2.comunitaria.com.br\/en\/wp-json\/wp\/v2\/users\/2"}],"replies":[{"embeddable":true,"href":"https:\/\/www2.comunitaria.com.br\/en\/wp-json\/wp\/v2\/comments?post=54363"}],"version-history":[{"count":0,"href":"https:\/\/www2.comunitaria.com.br\/en\/wp-json\/wp\/v2\/posts\/54363\/revisions"}],"wp:featuredmedia":[{"embeddable":true,"href":"https:\/\/www2.comunitaria.com.br\/en\/wp-json\/wp\/v2\/media\/54365"}],"wp:attachment":[{"href":"https:\/\/www2.comunitaria.com.br\/en\/wp-json\/wp\/v2\/media?parent=54363"}],"wp:term":[{"taxonomy":"category","embeddable":true,"href":"https:\/\/www2.comunitaria.com.br\/en\/wp-json\/wp\/v2\/categories?post=54363"},{"taxonomy":"post_tag","embeddable":true,"href":"https:\/\/www2.comunitaria.com.br\/en\/wp-json\/wp\/v2\/tags?post=54363"}],"curies":[{"name":"wp","href":"https:\/\/api.w.org\/{rel}","templated":true}]}}