{"id":54310,"date":"2022-07-01T17:16:45","date_gmt":"2022-07-01T19:16:45","guid":{"rendered":"http:\/\/www2.comunitaria.com.br\/?p=54310"},"modified":"2022-07-01T17:16:45","modified_gmt":"2022-07-01T19:16:45","slug":"legislativo-de-fw-e-sesc-promovem-debate-sobre-violencia-contra-as-pessoas-idosas","status":"publish","type":"post","link":"https:\/\/www2.comunitaria.com.br\/en\/legislativo-de-fw-e-sesc-promovem-debate-sobre-violencia-contra-as-pessoas-idosas\/","title":{"rendered":"Legislativo de FW e Sesc promovem debate sobre viol\u00eancia contra as pessoas idosas"},"content":{"rendered":"<p>No m\u00eas dedicado a conscientiza\u00e7\u00e3o sobre a viol\u00eancia contra as pessoas idosas, conhecido como \u201cJunho Violeta\u201d, o Poder Legislativo de Frederico Westphalen e o Servi\u00e7o Social do Com\u00e9rcio (Sesc), com apoio da Defensoria P\u00fablica do Estado (DPE\/RS), promoveram um debate voltado \u00e0 popula\u00e7\u00e3o 60+. O evento ocorreu no dia 22 de junho, no Plen\u00e1rio da C\u00e2mara de Vereadores, e reuniu dezenas de idosos do munic\u00edpio, integrantes do Grupo Maturidade Ativa do Sesc e de outros grupos de bairros e comunidades de FW.<\/p>\n<p>A mesa de autoridades do debate foi composta pelo presidente do Legislativo, Leandro Mazzutti; a Facilitadora de Trabalhos com Grupos de Idosos do Sesc, Denize Padilha; os defensores p\u00fablicos, Thiago Oro Caum Gon\u00e7alves e Paula Guerrero Moyses; al\u00e9m da presidente do Conselho Municipal do Idoso, Marli Cocco; a assistente social, Valdriana Stival, representando o Departamento Municipal do Idoso; e as presidente e administradora do Lar de Idosos S\u00e3o Vicente de Paulo, Marli Ponssoni e Marli Marcon Ross, respectivamente.<\/p>\n<p>Cada uma das lideran\u00e7as teve a oportunidade de fazer a sua contribui\u00e7\u00e3o para o enriquecimento do debate, que al\u00e9m de uma reflex\u00e3o sobre a viol\u00eancia contra as pessoas idosas, tamb\u00e9m trouxe um olhar acerca dos direitos das pessoas 60+, que muitas vezes n\u00e3o s\u00e3o cumpridos, tais como, prioridades no atendimento de sa\u00fade e acesso a passagens de \u00f4nibus gratuitas ou com descontos. \u201c\u00c9 muito importante que n\u00f3s saibamos como o direito do idoso tem que ter uma considera\u00e7\u00e3o essencial. O Estatuto do Idoso traz diversos direitos que a pessoa com mais de 60 anos tem, trazendo tamb\u00e9m alguns mais espec\u00edficos para aqueles que t\u00eam mais de 80 anos. Mas, como sabemos que muitos destes direitos s\u00e3o violados, a lei traz diversas formas de prote\u00e7\u00e3o, de condutas que s\u00e3o criminalizadas, enfim, de diversas formas de coibir algum tipo de viol\u00eancia\u201d, explicou a defensora p\u00fablica.<\/p>\n<p>Paula ainda detalhou que s\u00e3o in\u00fameras as formas de viol\u00eancia que envolvem as pessoas idosas. \u201cN\u00e3o \u00e9 somente a viol\u00eancia f\u00edsica, existem outros tipos que tamb\u00e9m s\u00e3o muito sutis e de dif\u00edcil percep\u00e7\u00e3o, que \u00e9 a viol\u00eancia psicol\u00f3gica, acometida muitas vezes dentro da pr\u00f3pria fam\u00edlia, seja por meio de xingamentos, chantagem emocional ou at\u00e9 mesmo isolamento; a viol\u00eancia sexual; a viol\u00eancia financeira, \u00e0s vezes, at\u00e9 por parte de bancos, envolvendo direitos do consumidor, como descontos na aposentadoria de empr\u00e9stimos que nem eram de seu conhecimento. Al\u00e9m destas, tamb\u00e9m existem a neglig\u00eancia e o abandono, que s\u00e3o casos que acontecem muito, dentro da fam\u00edlia ou em abrigos\u201d, detalhou a defensora.<\/p>\n<p><strong>Entrega de cartilha e encaminhamentos<\/strong><\/p>\n<p>Ap\u00f3s um espa\u00e7o para perguntas do p\u00fablico, foram entregues cartilhas de orienta\u00e7\u00e3o, doadas pela Defensoria P\u00fablica, com informa\u00e7\u00f5es sobre os principais direitos dos idosos e canais de contatos importantes para auxiliarem a popula\u00e7\u00e3o 60+ nas den\u00fancias de casos de viol\u00eancia. \u201cEsperamos ter trazido um pouco de conhecimento a todos voc\u00eas e queremos deixar o Poder Legislativo sempre \u00e0 disposi\u00e7\u00e3o. Faremos um documento para levar ao nosso prefeito, mas al\u00e9m disso tamb\u00e9m iremos procurar cumprir o nosso papel como vereadores, que \u00e9 de ouvir das demandas, fiscalizar e auxiliar na busca de solu\u00e7\u00f5es\u201d, comentou Mazzutti.<\/p>\n<p>&nbsp;<\/p>\n<p>&nbsp;<\/p>","protected":false},"excerpt":{"rendered":"<p>No m\u00eas dedicado a conscientiza\u00e7\u00e3o sobre a viol\u00eancia contra as pessoas idosas, conhecido como \u201cJunho Violeta\u201d, o Poder Legislativo de Frederico Westphalen e o Servi\u00e7o Social do Com\u00e9rcio (Sesc), com&#8230;<\/p>","protected":false},"author":2,"featured_media":54312,"comment_status":"open","ping_status":"closed","sticky":false,"template":"","format":"standard","meta":{"ngg_post_thumbnail":0,"footnotes":""},"categories":[42,33],"tags":[],"class_list":["post-54310","post","type-post","status-publish","format-standard","has-post-thumbnail","hentry","category-fred-west","category-noticias"],"amp_enabled":true,"_links":{"self":[{"href":"https:\/\/www2.comunitaria.com.br\/en\/wp-json\/wp\/v2\/posts\/54310","targetHints":{"allow":["GET"]}}],"collection":[{"href":"https:\/\/www2.comunitaria.com.br\/en\/wp-json\/wp\/v2\/posts"}],"about":[{"href":"https:\/\/www2.comunitaria.com.br\/en\/wp-json\/wp\/v2\/types\/post"}],"author":[{"embeddable":true,"href":"https:\/\/www2.comunitaria.com.br\/en\/wp-json\/wp\/v2\/users\/2"}],"replies":[{"embeddable":true,"href":"https:\/\/www2.comunitaria.com.br\/en\/wp-json\/wp\/v2\/comments?post=54310"}],"version-history":[{"count":0,"href":"https:\/\/www2.comunitaria.com.br\/en\/wp-json\/wp\/v2\/posts\/54310\/revisions"}],"wp:featuredmedia":[{"embeddable":true,"href":"https:\/\/www2.comunitaria.com.br\/en\/wp-json\/wp\/v2\/media\/54312"}],"wp:attachment":[{"href":"https:\/\/www2.comunitaria.com.br\/en\/wp-json\/wp\/v2\/media?parent=54310"}],"wp:term":[{"taxonomy":"category","embeddable":true,"href":"https:\/\/www2.comunitaria.com.br\/en\/wp-json\/wp\/v2\/categories?post=54310"},{"taxonomy":"post_tag","embeddable":true,"href":"https:\/\/www2.comunitaria.com.br\/en\/wp-json\/wp\/v2\/tags?post=54310"}],"curies":[{"name":"wp","href":"https:\/\/api.w.org\/{rel}","templated":true}]}}