{"id":54119,"date":"2022-06-21T15:50:51","date_gmt":"2022-06-21T17:50:51","guid":{"rendered":"http:\/\/www2.comunitaria.com.br\/?p=54119"},"modified":"2022-06-21T15:50:51","modified_gmt":"2022-06-21T17:50:51","slug":"e-fake-que-vacinacao-contra-a-covid-19-tem-relacao-com-suposto-aumento-de-mortes-subitas-entre-atletas","status":"publish","type":"post","link":"https:\/\/www2.comunitaria.com.br\/en\/e-fake-que-vacinacao-contra-a-covid-19-tem-relacao-com-suposto-aumento-de-mortes-subitas-entre-atletas\/","title":{"rendered":"\u00c9 #FAKE que vacina\u00e7\u00e3o contra a Covid-19 tem rela\u00e7\u00e3o com suposto aumento de mortes s\u00fabitas entre atletas"},"content":{"rendered":"<p><span style=\"font-weight: 400;\">Est\u00e1 circulando pelas redes sociais uma publica\u00e7\u00e3o que atribui \u00e0 vacina\u00e7\u00e3o contra a Covid-19 a um suposto aumento no n\u00famero de casos de mortes s\u00fabitas entre atletas. Tome cuidado, essa not\u00edcia \u00e9 falsa!&nbsp;<\/span><\/p>\n<p><span style=\"font-weight: 400;\">A postagem foi divulgada principalmente no Twitter, e \u00e9 escrita em franc\u00eas. Ela afirma que 673 atletas morreram em 16 meses ap\u00f3s o in\u00edcio da vacina\u00e7\u00e3o, at\u00e9 abril de 2022, enquanto o n\u00famero total de mortes deste tipo entre atletas, de 1966 at\u00e9 2004, foi de 1.101 casos no mundo. A fonte dos dados \u00e9 um post em constante atualiza\u00e7\u00e3o em um site com conte\u00fado antivacina.<\/span><\/p>\n<p><span style=\"font-weight: 400;\">Contrariando a afirma\u00e7\u00e3o feita no tu\u00edte, n\u00e3o existe nenhum dado estat\u00edstico oficial que aponte que mortes s\u00fabitas de atletas foram de fato associadas \u00e0 vacina\u00e7\u00e3o contra a covid-19. Al\u00e9m disso, n\u00e3o \u00e9 poss\u00edvel comparar casos recentes de morte s\u00fabita com um levantamento em um recorte temporal t\u00e3o amplo, uma vez que a metodologia de coleta dos dados e as formas de notifica\u00e7\u00e3o mudaram muito nas \u00faltimas d\u00e9cadas \u2013 sem contar que, no passado, havia uma subnotifica\u00e7\u00e3o maior do que existe hoje.<\/span><\/p>\n<p><span style=\"font-weight: 400;\">O tu\u00edte aqui verificado n\u00e3o cita a fonte dos dados apontados, al\u00e9m dos n\u00fameros em um site com conte\u00fado antivacina. A p\u00e1gina lista uma sequ\u00eancia de casos com nome das pessoas, idade, circunst\u00e2ncia em que morreram e alguma frase que especula uma rela\u00e7\u00e3o entre o \u00f3bito e a vacina\u00e7\u00e3o, como um intervalo de tempo entre a aplica\u00e7\u00e3o do imunizante e o mal s\u00fabito. Em muitas situa\u00e7\u00f5es, h\u00e1 links para \u201cnot\u00edcias\u201d sobre os falecimentos.&nbsp;<\/span><\/p>\n<p><span style=\"font-weight: 400;\">Contudo, s\u00e3o contabilizados entre os \u00f3bitos atribu\u00eddos \u00e0 vacina mortes de pessoas que n\u00e3o foram vacinadas, v\u00edtimas de acidentes, pessoas com hist\u00f3rico de doen\u00e7as cardiovasculares e at\u00e9 algumas que morreram em decorr\u00eancia de complica\u00e7\u00f5es da covid-19.<\/span><\/p>\n<p><span style=\"font-weight: 400;\">O Comit\u00ea Ol\u00edmpico Internacional (COI), que adota um protocolo de seguran\u00e7a para casos de morte s\u00fabita card\u00edaca, n\u00e3o possui dados sobre esses eventos em atletas durante a pandemia ou ap\u00f3s o in\u00edcio da vacina\u00e7\u00e3o, nem a Federa\u00e7\u00e3o Internacional de Futebol (FIFA). De acordo com a Sociedade Brasileira de Medicina do Exerc\u00edcio e do Esporte (SBMEE), embora haja casos que levantem uma possibilidade de associa\u00e7\u00e3o entre mal s\u00fabito e as vacinas contra o Sars-CoV-2, os casos s\u00e3o \u201cmuito raros e insuficientes para sustentar uma suficiente rela\u00e7\u00e3o de causalidade\u201d.<\/span><\/p>\n<p><span style=\"font-weight: 400;\">A fotografia utilizada no post, que mostra um jogador de futebol ca\u00eddo no campo enquanto um profissional tenta reanim\u00e1-lo, \u00e9 antiga, e n\u00e3o pode ser associada \u00e0 pandemia. Ela circula pela internet pelo menos desde novembro de 2013 e faz parte de uma pe\u00e7a de publicidade de uma marca de desfibriladores cujo p\u00fablico-alvo s\u00e3o equipes de futebol.<\/span><\/p>\n<p><span style=\"font-weight: 400;\">*Com informa\u00e7\u00f5es da <\/span><a href=\"https:\/\/projetocomprova.com.br\/\"><span style=\"font-weight: 400;\">Comprova<\/span><\/a><\/p>\n<p><em><span style=\"font-weight: 400;\">Fique sempre atento aos canais de comunica\u00e7\u00e3o confi\u00e1veis, para ter acesso a informa\u00e7\u00f5es obtidas por jornalismo feito com seriedade.&nbsp;<\/span><\/em><\/p>","protected":false},"excerpt":{"rendered":"<p>Est\u00e1 circulando pelas redes sociais uma publica\u00e7\u00e3o que atribui \u00e0 vacina\u00e7\u00e3o contra a Covid-19 a um suposto aumento no n\u00famero de casos de mortes s\u00fabitas entre atletas. Tome cuidado, essa&#8230;<\/p>","protected":false},"author":2,"featured_media":54121,"comment_status":"open","ping_status":"closed","sticky":false,"template":"","format":"standard","meta":{"ngg_post_thumbnail":0,"footnotes":""},"categories":[34,6170,37],"tags":[],"class_list":["post-54119","post","type-post","status-publish","format-standard","has-post-thumbnail","hentry","category-esportes","category-fato-ou-fake","category-saude"],"amp_enabled":true,"_links":{"self":[{"href":"https:\/\/www2.comunitaria.com.br\/en\/wp-json\/wp\/v2\/posts\/54119","targetHints":{"allow":["GET"]}}],"collection":[{"href":"https:\/\/www2.comunitaria.com.br\/en\/wp-json\/wp\/v2\/posts"}],"about":[{"href":"https:\/\/www2.comunitaria.com.br\/en\/wp-json\/wp\/v2\/types\/post"}],"author":[{"embeddable":true,"href":"https:\/\/www2.comunitaria.com.br\/en\/wp-json\/wp\/v2\/users\/2"}],"replies":[{"embeddable":true,"href":"https:\/\/www2.comunitaria.com.br\/en\/wp-json\/wp\/v2\/comments?post=54119"}],"version-history":[{"count":0,"href":"https:\/\/www2.comunitaria.com.br\/en\/wp-json\/wp\/v2\/posts\/54119\/revisions"}],"wp:featuredmedia":[{"embeddable":true,"href":"https:\/\/www2.comunitaria.com.br\/en\/wp-json\/wp\/v2\/media\/54121"}],"wp:attachment":[{"href":"https:\/\/www2.comunitaria.com.br\/en\/wp-json\/wp\/v2\/media?parent=54119"}],"wp:term":[{"taxonomy":"category","embeddable":true,"href":"https:\/\/www2.comunitaria.com.br\/en\/wp-json\/wp\/v2\/categories?post=54119"},{"taxonomy":"post_tag","embeddable":true,"href":"https:\/\/www2.comunitaria.com.br\/en\/wp-json\/wp\/v2\/tags?post=54119"}],"curies":[{"name":"wp","href":"https:\/\/api.w.org\/{rel}","templated":true}]}}