{"id":54077,"date":"2022-06-17T17:10:09","date_gmt":"2022-06-17T19:10:09","guid":{"rendered":"http:\/\/www2.comunitaria.com.br\/?p=54077"},"modified":"2022-06-17T17:10:09","modified_gmt":"2022-06-17T19:10:09","slug":"tse-divulga-quanto-cada-partido-recebera-do-fundao-eleitoral","status":"publish","type":"post","link":"https:\/\/www2.comunitaria.com.br\/en\/tse-divulga-quanto-cada-partido-recebera-do-fundao-eleitoral\/","title":{"rendered":"TSE divulga quanto cada partido receber\u00e1 do fund\u00e3o eleitoral"},"content":{"rendered":"<p>O Tribunal Superior Eleitoral (TSE) divulgou nesta quarta-feira (15\/6), por meio da Portaria n\u00ba 579\/2022, o valor que cada partido pol\u00edtico ter\u00e1 direito na distribui\u00e7\u00e3o do fund\u00e3o eleitoral. Em 2022, o Fundo Especial de Financiamento de Campanha (FEFC) tem o maior montante j\u00e1 destinado desde 2017, quando o dispositivo foi criado: R$ 4.961.519.777.<br \/>\nO montante ser\u00e1 dividido entre os 32 partidos pol\u00edticos registrados no TSE com base em crit\u00e9rios espec\u00edficos. O Partido Novo renunciou ao repasse dos valores para financiar as campanhas pol\u00edticas de candidatos e a cota da legenda ser\u00e1 revertida ao Tesouro Nacional.<br \/>\nEntre os que optaram por receber, o Uni\u00e3o Brasil (Uni\u00e3o), legenda oriunda da fus\u00e3o do Democratas (DEM) com o Partido Social Liberal (PSL), ser\u00e1 o detentor do maior montante, com mais de R$ 782 milh\u00f5es. Logo atr\u00e1s est\u00e3o o Partido dos Trabalhadores (PT), com pouco mais de R$ 503 milh\u00f5es, o Movimento Democr\u00e1tico Brasileiro (MDB), com R$ 363 milh\u00f5es, o Partido Social Democr\u00e1tico (PSD), com R$ 349 milh\u00f5es e o Progressistas, com aproximadamente R$ 344 milh\u00f5es. Juntas, essas cinco legendas respondem por 47,24% dos recursos distribu\u00eddos.<br \/>\nO PL, legenda do presidente Jair Bolsonaro, pr\u00e9-candidato \u00e0 reelei\u00e7\u00e3o, receber\u00e1 R$ 288,5 milh\u00f5es. O valor equivale a 5,82% do fundo.<\/p>\n<p><strong>Distribui\u00e7\u00e3o<\/strong><br \/>\nOs recursos do Fundo Eleitoral ficar\u00e3o \u00e0 disposi\u00e7\u00e3o do partido pol\u00edtico somente depois de a sigla definir crit\u00e9rios para a distribui\u00e7\u00e3o dos valores. Esses par\u00e2metros devem ser aprovados pela maioria absoluta dos membros do \u00f3rg\u00e3o de dire\u00e7\u00e3o executiva nacional e precisam ser divulgados publicamente.<br \/>\nOs c\u00e1lculos da distribui\u00e7\u00e3o do FEFC consideraram os candidatos eleitos nas Elei\u00e7\u00f5es Gerais de 2018, incluindo as retotaliza\u00e7\u00f5es ocorridas at\u00e9 1\u00ba de junho de 2022.<\/p>\n<p>&nbsp;<\/p>","protected":false},"excerpt":{"rendered":"<p>O Tribunal Superior Eleitoral (TSE) divulgou nesta quarta-feira (15\/6), por meio da Portaria n\u00ba 579\/2022, o valor que cada partido pol\u00edtico ter\u00e1 direito na distribui\u00e7\u00e3o do fund\u00e3o eleitoral. Em 2022, o Fundo Especial de Financiamento de Campanha (FEFC) tem o maior montante j\u00e1 destinado desde 2017, quando o dispositivo foi criado: R$ 4.961.519.777. O montante<\/p>\n<div class=\"read-more-wrapper\"><a class=\"read-more\" href=\"https:\/\/www2.comunitaria.com.br\/en\/tse-divulga-quanto-cada-partido-recebera-do-fundao-eleitoral\/\" title=\"Read More\"> <span class=\"button\">Read More<\/span><\/a><\/div>","protected":false},"author":2,"featured_media":54079,"comment_status":"open","ping_status":"closed","sticky":false,"template":"","format":"standard","meta":{"ngg_post_thumbnail":0,"footnotes":""},"categories":[47,6173,33],"tags":[],"class_list":["post-54077","post","type-post","status-publish","format-standard","has-post-thumbnail","hentry","category-brasil","category-eleicoes-2022","category-noticias"],"amp_enabled":true,"_links":{"self":[{"href":"https:\/\/www2.comunitaria.com.br\/en\/wp-json\/wp\/v2\/posts\/54077","targetHints":{"allow":["GET"]}}],"collection":[{"href":"https:\/\/www2.comunitaria.com.br\/en\/wp-json\/wp\/v2\/posts"}],"about":[{"href":"https:\/\/www2.comunitaria.com.br\/en\/wp-json\/wp\/v2\/types\/post"}],"author":[{"embeddable":true,"href":"https:\/\/www2.comunitaria.com.br\/en\/wp-json\/wp\/v2\/users\/2"}],"replies":[{"embeddable":true,"href":"https:\/\/www2.comunitaria.com.br\/en\/wp-json\/wp\/v2\/comments?post=54077"}],"version-history":[{"count":0,"href":"https:\/\/www2.comunitaria.com.br\/en\/wp-json\/wp\/v2\/posts\/54077\/revisions"}],"wp:featuredmedia":[{"embeddable":true,"href":"https:\/\/www2.comunitaria.com.br\/en\/wp-json\/wp\/v2\/media\/54079"}],"wp:attachment":[{"href":"https:\/\/www2.comunitaria.com.br\/en\/wp-json\/wp\/v2\/media?parent=54077"}],"wp:term":[{"taxonomy":"category","embeddable":true,"href":"https:\/\/www2.comunitaria.com.br\/en\/wp-json\/wp\/v2\/categories?post=54077"},{"taxonomy":"post_tag","embeddable":true,"href":"https:\/\/www2.comunitaria.com.br\/en\/wp-json\/wp\/v2\/tags?post=54077"}],"curies":[{"name":"wp","href":"https:\/\/api.w.org\/{rel}","templated":true}]}}