{"id":54007,"date":"2022-06-14T15:45:06","date_gmt":"2022-06-14T17:45:06","guid":{"rendered":"http:\/\/www2.comunitaria.com.br\/?p=54007"},"modified":"2022-06-14T15:45:06","modified_gmt":"2022-06-14T17:45:06","slug":"situacao-economica-mundial-vai-se-agravar-bastante-diz-guedes","status":"publish","type":"post","link":"https:\/\/www2.comunitaria.com.br\/en\/situacao-economica-mundial-vai-se-agravar-bastante-diz-guedes\/","title":{"rendered":"&#8220;Situa\u00e7\u00e3o econ\u00f4mica mundial vai se agravar bastante&#8221;, diz Guedes"},"content":{"rendered":"<p>O ministro da Economia, Paulo Guedes, durante fala no 5\u00ba F\u00f3rum de Investimentos Brasil 2022, em S\u00e3o Paulo, afirmou que a economia mundial vai passar por um momento ruim. &#8220;\u00c9 um mar turbulento e acho que n\u00e3o vai melhorar t\u00e3o cedo. Acho que vai se agravar bastante a situa\u00e7\u00e3o econ\u00f4mica mundial&#8221;, disse o titular durante o<br \/>\nO ministro argumentou que h\u00e1 tr\u00eas raz\u00f5es por essa avalia\u00e7\u00e3o. Segundo Guedes, o primeiro motivo \u00e9 a press\u00e3o competitiva feita pela \u00c1sia. &#8220;Enquanto o Ocidente desfruta de sua riqueza, dando f\u00e9rias de seis meses, dando aposentadoria generosa antes da hora, o outro lado do mundo trabalha 24 horas por dia, compete, n\u00e3o tem encargos trabalhistas e est\u00e3o avan\u00e7ando. Depois de 30 anos, essa arbitragem de trabalho barato acaba&#8221;, disse.<\/p>\n<p><strong>ARGUMENTOS<\/strong><br \/>\n&#8220;Enquanto tem gente para contratar com m\u00e3o de obra mais barata no outro lado do mundo, n\u00e3o tem a press\u00e3o nos sal\u00e1rios do lado de c\u00e1. Acabou essa arbitragem e os sal\u00e1rios est\u00e3o aumentando no mundo inteiro&#8221;, completou.<br \/>\nO segundo argumento utilizado por Guedes \u00e9 a pandemia de Covid-19, e o terceiro, a guerra entre a R\u00fassia e Ucr\u00e2nia. &#8220;A parte ruim da crise \u00e9 que vai lamber l\u00e1 fora. A infla\u00e7\u00e3o vai subir muito, vai ter recess\u00e3o, o sistema pol\u00edtico vai continuar sob press\u00e3o. As bolsas caindo, muita crise, muita dificuldade l\u00e1 fora. Ao mesmo tempo, tem uma oportunidade&#8221;, relata.<\/p>\n<p><em>Com informa\u00e7\u00f5es Correio do Povo**<\/em><\/p>","protected":false},"excerpt":{"rendered":"<p>O ministro da Economia, Paulo Guedes, durante fala no 5\u00ba F\u00f3rum de Investimentos Brasil 2022, em S\u00e3o Paulo, afirmou que a economia mundial vai passar por um momento ruim. &#8220;\u00c9&#8230;<\/p>","protected":false},"author":2,"featured_media":37874,"comment_status":"open","ping_status":"closed","sticky":false,"template":"","format":"standard","meta":{"ngg_post_thumbnail":0,"footnotes":""},"categories":[39,33],"tags":[],"class_list":["post-54007","post","type-post","status-publish","format-standard","has-post-thumbnail","hentry","category-economia","category-noticias"],"amp_enabled":true,"_links":{"self":[{"href":"https:\/\/www2.comunitaria.com.br\/en\/wp-json\/wp\/v2\/posts\/54007","targetHints":{"allow":["GET"]}}],"collection":[{"href":"https:\/\/www2.comunitaria.com.br\/en\/wp-json\/wp\/v2\/posts"}],"about":[{"href":"https:\/\/www2.comunitaria.com.br\/en\/wp-json\/wp\/v2\/types\/post"}],"author":[{"embeddable":true,"href":"https:\/\/www2.comunitaria.com.br\/en\/wp-json\/wp\/v2\/users\/2"}],"replies":[{"embeddable":true,"href":"https:\/\/www2.comunitaria.com.br\/en\/wp-json\/wp\/v2\/comments?post=54007"}],"version-history":[{"count":0,"href":"https:\/\/www2.comunitaria.com.br\/en\/wp-json\/wp\/v2\/posts\/54007\/revisions"}],"wp:featuredmedia":[{"embeddable":true,"href":"https:\/\/www2.comunitaria.com.br\/en\/wp-json\/wp\/v2\/media\/37874"}],"wp:attachment":[{"href":"https:\/\/www2.comunitaria.com.br\/en\/wp-json\/wp\/v2\/media?parent=54007"}],"wp:term":[{"taxonomy":"category","embeddable":true,"href":"https:\/\/www2.comunitaria.com.br\/en\/wp-json\/wp\/v2\/categories?post=54007"},{"taxonomy":"post_tag","embeddable":true,"href":"https:\/\/www2.comunitaria.com.br\/en\/wp-json\/wp\/v2\/tags?post=54007"}],"curies":[{"name":"wp","href":"https:\/\/api.w.org\/{rel}","templated":true}]}}