{"id":53903,"date":"2022-06-07T14:02:39","date_gmt":"2022-06-07T16:02:39","guid":{"rendered":"http:\/\/www2.comunitaria.com.br\/?p=53903"},"modified":"2022-06-07T14:06:56","modified_gmt":"2022-06-07T16:06:56","slug":"acao-tera-gasolina-a-r500-na-sexta-feira-dia-10","status":"publish","type":"post","link":"https:\/\/www2.comunitaria.com.br\/en\/acao-tera-gasolina-a-r500-na-sexta-feira-dia-10\/","title":{"rendered":"A\u00e7\u00e3o ter\u00e1 gasolina a R$5,00 na sexta-feira, dia 10"},"content":{"rendered":"<p>Organizada pelo N\u00facleo do Jovem Empreendedor da Associa\u00e7\u00e3o Empresarial ACI\/CDL, a a\u00e7\u00e3o Dia Sem Imposto acontecer\u00e1 em Frederico Westphalen no pr\u00f3ximo dia 10 de junho, com a participa\u00e7\u00e3o de aproximadamente dez empresas locais. A a\u00e7\u00e3o \u00e9 tradicional, realizada em todo o pa\u00eds e busca conscientizar as pessoas sobre a quantidade de tributos incidentes sobre produtos e servi\u00e7os, levando a reflex\u00e3o sobre a alta carga tribut\u00e1ria no pa\u00eds e a devolutiva que a sociedade tem com os recursos aplicados nos diversos setores p\u00fablicos.<\/p>\n<p>&nbsp;<\/p>\n<p><strong>Como ir\u00e1 funcionar a a\u00e7\u00e3o<\/strong><\/p>\n<p>Conforme explicado pelos integrantes do N\u00facleo, os impostos sobre os produtos vendidos na a\u00e7\u00e3o v\u00e3o ser recolhidos normalmente, o que as empresas parceiras fazem \u00e9 fornecer um desconto com a mesma taxa de tributo cobrada sobre a venda da mercadoria, que ter\u00e1 uma quantidade limitada de itens com o desconto. Cada empresa participante escolheu um ou mais itens para contribuir com a a\u00e7\u00e3o de conscientiza\u00e7\u00e3o.<\/p>\n<p>Nos postos de combust\u00edveis que ir\u00e3o comercializar gasolina (Posto Catedral, Posto Hermes e Posto R\u00f3tula Central), ser\u00e3o distribu\u00eddas senhas de acordo com o limite de produto disponibilizado para a a\u00e7\u00e3o a partir da abertura dos postos, \u00e0s 6h da sexta-feira.&nbsp; As senhas s\u00f3 ter\u00e3o validade para serem utilizadas no dia 10. J\u00e1 nos supermercados e demais empresas participantes, os produtos com imposto zerado ser\u00e3o expostos com identifica\u00e7\u00e3o do valor, comercializados enquanto durar o estoque de unidades, que tamb\u00e9m ser\u00e3o limitadas por cliente<\/p>\n<p>&nbsp;<\/p>\n<p><strong>Apoio:<\/strong> Gr\u00e1fica Pluma<\/p>\n<p>&nbsp;<\/p>\n<p><strong>Empresas participantes:<\/strong><\/p>\n<p>Supermercado Bertoletti<\/p>\n<p>Posto Catedral<\/p>\n<p>Complexo 34<\/p>\n<p>Cotrifred<\/p>\n<p>Girardi Fonoaudiologia<\/p>\n<p>Posto Hermes<\/p>\n<p>Supermercado Razia<\/p>\n<p>Razia Express<\/p>\n<p>Posto R\u00f3tula Central<\/p>\n<p>Seguratel Seguran\u00e7a Patrimonial<\/p>\n<p>&nbsp;<\/p>\n<p>&nbsp;<\/p>\n<p>&nbsp;<\/p>\n<p>&nbsp;<\/p>","protected":false},"excerpt":{"rendered":"<p>Organizada pelo N\u00facleo do Jovem Empreendedor da Associa\u00e7\u00e3o Empresarial ACI\/CDL, a a\u00e7\u00e3o Dia Sem Imposto acontecer\u00e1 em Frederico Westphalen no pr\u00f3ximo dia 10 de junho, com a participa\u00e7\u00e3o de aproximadamente&#8230;<\/p>","protected":false},"author":2,"featured_media":53905,"comment_status":"open","ping_status":"closed","sticky":false,"template":"","format":"standard","meta":{"ngg_post_thumbnail":0,"footnotes":""},"categories":[28],"tags":[],"class_list":["post-53903","post","type-post","status-publish","format-standard","has-post-thumbnail","hentry","category-destaque"],"amp_enabled":true,"_links":{"self":[{"href":"https:\/\/www2.comunitaria.com.br\/en\/wp-json\/wp\/v2\/posts\/53903","targetHints":{"allow":["GET"]}}],"collection":[{"href":"https:\/\/www2.comunitaria.com.br\/en\/wp-json\/wp\/v2\/posts"}],"about":[{"href":"https:\/\/www2.comunitaria.com.br\/en\/wp-json\/wp\/v2\/types\/post"}],"author":[{"embeddable":true,"href":"https:\/\/www2.comunitaria.com.br\/en\/wp-json\/wp\/v2\/users\/2"}],"replies":[{"embeddable":true,"href":"https:\/\/www2.comunitaria.com.br\/en\/wp-json\/wp\/v2\/comments?post=53903"}],"version-history":[{"count":0,"href":"https:\/\/www2.comunitaria.com.br\/en\/wp-json\/wp\/v2\/posts\/53903\/revisions"}],"wp:featuredmedia":[{"embeddable":true,"href":"https:\/\/www2.comunitaria.com.br\/en\/wp-json\/wp\/v2\/media\/53905"}],"wp:attachment":[{"href":"https:\/\/www2.comunitaria.com.br\/en\/wp-json\/wp\/v2\/media?parent=53903"}],"wp:term":[{"taxonomy":"category","embeddable":true,"href":"https:\/\/www2.comunitaria.com.br\/en\/wp-json\/wp\/v2\/categories?post=53903"},{"taxonomy":"post_tag","embeddable":true,"href":"https:\/\/www2.comunitaria.com.br\/en\/wp-json\/wp\/v2\/tags?post=53903"}],"curies":[{"name":"wp","href":"https:\/\/api.w.org\/{rel}","templated":true}]}}