{"id":53744,"date":"2022-05-26T17:15:30","date_gmt":"2022-05-26T19:15:30","guid":{"rendered":"http:\/\/www2.comunitaria.com.br\/?p=53744"},"modified":"2022-05-26T17:16:58","modified_gmt":"2022-05-26T19:16:58","slug":"estudante-da-ufsm-e-indiciada-pela-policia-civil-pelo-crime-de-racismo","status":"publish","type":"post","link":"https:\/\/www2.comunitaria.com.br\/en\/estudante-da-ufsm-e-indiciada-pela-policia-civil-pelo-crime-de-racismo\/","title":{"rendered":"Estudante da UFSM \u00e9 indiciada pela Pol\u00edcia Civil pelo crime de racismo"},"content":{"rendered":"<p>Foi remetido ao Poder Judici\u00e1rio nesta quarta-feira, pela Delegacia de Prote\u00e7\u00e3o ao Idoso e Combate \u00e0 Intoler\u00e2ncia (DPICOI), o inqu\u00e9rito que indicia pelo crime de racismo uma estudante de 21 anos do curso de Artes C\u00eanicas da Universidade Federal de Santa Maria (UFSM). Ela foi enquadrada em uma das formas qualificadas do crime, quando ele \u00e9 cometido por interm\u00e9dio dos meios de comunica\u00e7\u00e3o social ou publica\u00e7\u00e3o de qualquer natureza.<\/p>\n<p><strong>ENTENDA CASO<\/strong><br \/>\nO inqu\u00e9rito foi aberto um dia depois do caso vir \u00e0 tona, em 10 de maio, quando a publica\u00e7\u00e3o da estudante nas redes sociais ganhou repercuss\u00e3o na institui\u00e7\u00e3o. Na publica\u00e7\u00e3o, a aluna escreveu: \u201ctenho pavor de conviver com pessoas escuras, eles devem ter complexo de inferioridade muito forte em rela\u00e7\u00e3o \u00e0s pessoas brancas\u201d, entre outras manifesta\u00e7\u00f5es de cunho racista. No mesmo dia, um ato antirracista foi realizado na UFSM condenando a atitude da estudante.<br \/>\nDe acordo com a delegada D\u00e9bora Dias, respons\u00e1vel pela investiga\u00e7\u00e3o, foram ouvidos o diretor do Centro do Artes e Letras (CAL), a coordenadora do curso de Artes C\u00eanicas e alguns alunos. Um dos ouvidos, que \u00e9 colega da investigada, seria a v\u00edtima, de acordo com a delegada.<br \/>\n\u2013 Ele seria a v\u00edtima do delito de inj\u00faria racial. Ele n\u00e3o quis processar criminalmente contra ela, mas a manifesta\u00e7\u00e3o n\u00e3o teve o poder de interromper a investiga\u00e7\u00e3o ou o inqu\u00e9rito j\u00e1 que o crime de racismo \u00e9 muito mais amplo e atinge toda uma coletividade \u2013 afirmou a delegada.<br \/>\nConforme D\u00e9bora Dias, foram feitos v\u00e1rios contatos e a aluna n\u00e3o foi encontrada para ser ouvida na delegacia. Na \u00faltima semana, um familiar informou \u00e0 delegada, por telefone, que a estudante foi internada em uma clinica de Santa Maria. \u00c0 \u00e9poca do caso, a fam\u00edlia alegou que ela precisava de cuidados psicol\u00f3gicos.<br \/>\n\u2013 N\u00e3o h\u00e1 nenhum documento que comprove que ela n\u00e3o pode responder pelos seus atos criminalmente \u2013 destaca D\u00e9bora Dias.<\/p>\n<p>&nbsp;<\/p>\n<p><em>**Informa\u00e7\u00f5es Di\u00e1rio de Santa Maria<\/em><\/p>","protected":false},"excerpt":{"rendered":"<p>Foi remetido ao Poder Judici\u00e1rio nesta quarta-feira, pela Delegacia de Prote\u00e7\u00e3o ao Idoso e Combate \u00e0 Intoler\u00e2ncia (DPICOI), o inqu\u00e9rito que indicia pelo crime de racismo uma estudante de 21&#8230;<\/p>","protected":false},"author":2,"featured_media":53746,"comment_status":"open","ping_status":"closed","sticky":false,"template":"","format":"standard","meta":{"ngg_post_thumbnail":0,"footnotes":""},"categories":[46,33],"tags":[],"class_list":["post-53744","post","type-post","status-publish","format-standard","has-post-thumbnail","hentry","category-estado","category-noticias"],"amp_enabled":true,"_links":{"self":[{"href":"https:\/\/www2.comunitaria.com.br\/en\/wp-json\/wp\/v2\/posts\/53744","targetHints":{"allow":["GET"]}}],"collection":[{"href":"https:\/\/www2.comunitaria.com.br\/en\/wp-json\/wp\/v2\/posts"}],"about":[{"href":"https:\/\/www2.comunitaria.com.br\/en\/wp-json\/wp\/v2\/types\/post"}],"author":[{"embeddable":true,"href":"https:\/\/www2.comunitaria.com.br\/en\/wp-json\/wp\/v2\/users\/2"}],"replies":[{"embeddable":true,"href":"https:\/\/www2.comunitaria.com.br\/en\/wp-json\/wp\/v2\/comments?post=53744"}],"version-history":[{"count":0,"href":"https:\/\/www2.comunitaria.com.br\/en\/wp-json\/wp\/v2\/posts\/53744\/revisions"}],"wp:featuredmedia":[{"embeddable":true,"href":"https:\/\/www2.comunitaria.com.br\/en\/wp-json\/wp\/v2\/media\/53746"}],"wp:attachment":[{"href":"https:\/\/www2.comunitaria.com.br\/en\/wp-json\/wp\/v2\/media?parent=53744"}],"wp:term":[{"taxonomy":"category","embeddable":true,"href":"https:\/\/www2.comunitaria.com.br\/en\/wp-json\/wp\/v2\/categories?post=53744"},{"taxonomy":"post_tag","embeddable":true,"href":"https:\/\/www2.comunitaria.com.br\/en\/wp-json\/wp\/v2\/tags?post=53744"}],"curies":[{"name":"wp","href":"https:\/\/api.w.org\/{rel}","templated":true}]}}