{"id":53673,"date":"2022-05-23T10:11:46","date_gmt":"2022-05-23T12:11:46","guid":{"rendered":"http:\/\/www2.comunitaria.com.br\/?p=53673"},"modified":"2022-05-23T10:11:46","modified_gmt":"2022-05-23T12:11:46","slug":"feirao-de-negocios-sicredi-em-planalto-rs-resulta-em-grande-volume-de-negocios","status":"publish","type":"post","link":"https:\/\/www2.comunitaria.com.br\/en\/feirao-de-negocios-sicredi-em-planalto-rs-resulta-em-grande-volume-de-negocios\/","title":{"rendered":"Feir\u00e3o de Neg\u00f3cios Sicredi em Planalto\/RS resulta em grande volume de neg\u00f3cios"},"content":{"rendered":"<p>Com o objetivo de fomentar neg\u00f3cios da Cooperativa e dos expositores, aconteceu o 2\u00ba Feir\u00e3o de Neg\u00f3cios Sicredi em Planalto, entre os dias 13 e 14 de maio, na pra\u00e7a central. Na oportunidade, foram apresentados os diferenciais cooperativistas, cr\u00e9ditos, produtos e servi\u00e7os, e, al\u00e9m disso, foram parceiros desta iniciativa a Associa\u00e7\u00e3o Comercial e Industrial (ACI), a Emater\/RS-Ascar, o Sindicato dos Trabalhadores Rurais, al\u00e9m do apoio da prefeitura de Planalto, por meio das Secretarias Municipais de Agricultura e Turismo.<\/p>\n<p>Estiveram presentes no Feir\u00e3o, empresas de m\u00e1quinas e implementos agr\u00edcolas, de ve\u00edculos, de m\u00f3veis, de energia solar, de internet e floricultura. Al\u00e9m disso, o evento tamb\u00e9m contou com representantes da agricultura familiar, por meio da Feira do Produtor, e do turismo, com o Vale das Uvas e uma ag\u00eancia de turismo, para fortalecer este setor. As crian\u00e7as tiveram espa\u00e7o reservado com tenda para brinquedos.<\/p>\n<p>O gerente da ag\u00eancia local, Vanderlei Argenta, avalia o Feir\u00e3o como positivo. \u201cTivemos uma boa aceita\u00e7\u00e3o por parte dos parceiros, com grande n\u00famero de expositores, e tamb\u00e9m por parte da comunidade local e regional, que compareceu em grande n\u00famero nos dois dias de programa\u00e7\u00e3o. Al\u00e9m disso, foram gerados diversos neg\u00f3cios, atrav\u00e9s das v\u00e1rias oportunidades oferecidas, o que nos deixou felizes, pois atingimos nosso objetivo\u201d, ressalta o gerente.&nbsp;<\/p>\n<p>Da mesma forma, o colaborador da Cooper A1, C\u00e1ssio Grunevald, assegura que o evento foi bastante produtivo. \u201cTivemos centenas de produtores que visitaram nosso estande e conseguimos realizar \u00f3timas vendas. Al\u00e9m disso, recebemos tamb\u00e9m agricultores com d\u00favidas sobre o plantio de gr\u00e3os e foi poss\u00edvel san\u00e1-las. Ainda, orientamos os interessados sobre a aquisi\u00e7\u00e3o de m\u00e1quinas, que o Sicredi ajudou a comprar atrav\u00e9s de libera\u00e7\u00e3o de financiamentos. Enfim, ficamos muito contentes, porque foi poss\u00edvel encaminhar bons neg\u00f3cios\u201d, finaliza Grunevald.<\/p>\n<p>Outras ag\u00eancias da Cooperativa ir\u00e3o promover o Feir\u00e3o de Neg\u00f3cios nos pr\u00f3ximos meses, fomentando a economia local com diversas oportunidades. Prestigie!<\/p>","protected":false},"excerpt":{"rendered":"<p>Com o objetivo de fomentar neg\u00f3cios da Cooperativa e dos expositores, aconteceu o 2\u00ba Feir\u00e3o de Neg\u00f3cios Sicredi em Planalto, entre os dias 13 e 14 de maio, na pra\u00e7a&#8230;<\/p>","protected":false},"author":2,"featured_media":53675,"comment_status":"open","ping_status":"closed","sticky":false,"template":"","format":"standard","meta":{"ngg_post_thumbnail":0,"footnotes":""},"categories":[33,43],"tags":[],"class_list":["post-53673","post","type-post","status-publish","format-standard","has-post-thumbnail","hentry","category-noticias","category-regiao"],"amp_enabled":true,"_links":{"self":[{"href":"https:\/\/www2.comunitaria.com.br\/en\/wp-json\/wp\/v2\/posts\/53673","targetHints":{"allow":["GET"]}}],"collection":[{"href":"https:\/\/www2.comunitaria.com.br\/en\/wp-json\/wp\/v2\/posts"}],"about":[{"href":"https:\/\/www2.comunitaria.com.br\/en\/wp-json\/wp\/v2\/types\/post"}],"author":[{"embeddable":true,"href":"https:\/\/www2.comunitaria.com.br\/en\/wp-json\/wp\/v2\/users\/2"}],"replies":[{"embeddable":true,"href":"https:\/\/www2.comunitaria.com.br\/en\/wp-json\/wp\/v2\/comments?post=53673"}],"version-history":[{"count":0,"href":"https:\/\/www2.comunitaria.com.br\/en\/wp-json\/wp\/v2\/posts\/53673\/revisions"}],"wp:featuredmedia":[{"embeddable":true,"href":"https:\/\/www2.comunitaria.com.br\/en\/wp-json\/wp\/v2\/media\/53675"}],"wp:attachment":[{"href":"https:\/\/www2.comunitaria.com.br\/en\/wp-json\/wp\/v2\/media?parent=53673"}],"wp:term":[{"taxonomy":"category","embeddable":true,"href":"https:\/\/www2.comunitaria.com.br\/en\/wp-json\/wp\/v2\/categories?post=53673"},{"taxonomy":"post_tag","embeddable":true,"href":"https:\/\/www2.comunitaria.com.br\/en\/wp-json\/wp\/v2\/tags?post=53673"}],"curies":[{"name":"wp","href":"https:\/\/api.w.org\/{rel}","templated":true}]}}