{"id":5365,"date":"2015-07-21T09:44:56","date_gmt":"2015-07-21T11:44:56","guid":{"rendered":"http:\/\/www2.comunitaria.com.br\/?p=5365"},"modified":"2015-07-21T09:45:33","modified_gmt":"2015-07-21T11:45:33","slug":"boletim-dos-bombeiros-corpo-encontrado-em-novo-tiradentes","status":"publish","type":"post","link":"https:\/\/www2.comunitaria.com.br\/en\/boletim-dos-bombeiros-corpo-encontrado-em-novo-tiradentes\/","title":{"rendered":"Boletim dos Bombeiros: corpo encontrado em Novo Tiradentes"},"content":{"rendered":"<p style=\"text-align: justify;\">No \u00faltimo plant\u00e3o houve uma ocorr\u00eancia. No munic\u00edpio de Novo Tiradentes foi encontrado um corpo preso nos galhos de uma \u00e1rvore no rio Jaboticaba. O corpo foi identificado, sendo que a v\u00edtima estava desaparecida desde o dia 15 deste m\u00eas.<\/p>\n<p style=\"text-align: justify;\">Foram realizados 160 atendimentos preventivos no dia de ontem, 20.<\/p>\n<p style=\"text-align: justify;\">O Soldado Macari fala sobre a ocorr\u00eancia e d\u00e1 uma importante orienta\u00e7\u00e3o sobre instala\u00e7\u00e3o de g\u00e1s:<\/p>\n<audio class=\"wp-audio-shortcode\" id=\"audio-5365-1\" preload=\"none\" style=\"width: 100%;\" controls=\"controls\"><source type=\"audio\/mpeg\" src=\"http:\/\/www2.comunitaria.com.br\/wp-content\/uploads\/2015\/07\/Bombeiros2.mp3?_=1\" \/><a href=\"http:\/\/www2.comunitaria.com.br\/wp-content\/uploads\/2015\/07\/Bombeiros2.mp3\">http:\/\/www2.comunitaria.com.br\/wp-content\/uploads\/2015\/07\/Bombeiros2.mp3<\/a><\/audio>","protected":false},"excerpt":{"rendered":"<p>No \u00faltimo plant\u00e3o houve uma ocorr\u00eancia. No munic\u00edpio de Novo Tiradentes foi encontrado um corpo preso nos galhos de uma \u00e1rvore no rio Jaboticaba. O corpo foi identificado, sendo que&#8230;<\/p>","protected":false},"author":2,"featured_media":4702,"comment_status":"open","ping_status":"closed","sticky":false,"template":"","format":"standard","meta":{"ngg_post_thumbnail":0,"footnotes":""},"categories":[51,41,42,28,33,43],"tags":[830,965,82,1274,1242,86],"class_list":["post-5365","post","type-post","status-publish","format-standard","has-post-thumbnail","hentry","category-audio","category-boletim-dos-bombeiros","category-fred-west","category-destaque","category-noticias","category-regiao","tag-boletim-dos-bombeiros","tag-corpo","tag-frederico-westphalen","tag-novo-tiradentes","tag-ocorrencia","tag-regiao-2"],"amp_enabled":true,"_links":{"self":[{"href":"https:\/\/www2.comunitaria.com.br\/en\/wp-json\/wp\/v2\/posts\/5365","targetHints":{"allow":["GET"]}}],"collection":[{"href":"https:\/\/www2.comunitaria.com.br\/en\/wp-json\/wp\/v2\/posts"}],"about":[{"href":"https:\/\/www2.comunitaria.com.br\/en\/wp-json\/wp\/v2\/types\/post"}],"author":[{"embeddable":true,"href":"https:\/\/www2.comunitaria.com.br\/en\/wp-json\/wp\/v2\/users\/2"}],"replies":[{"embeddable":true,"href":"https:\/\/www2.comunitaria.com.br\/en\/wp-json\/wp\/v2\/comments?post=5365"}],"version-history":[{"count":0,"href":"https:\/\/www2.comunitaria.com.br\/en\/wp-json\/wp\/v2\/posts\/5365\/revisions"}],"wp:featuredmedia":[{"embeddable":true,"href":"https:\/\/www2.comunitaria.com.br\/en\/wp-json\/wp\/v2\/media\/4702"}],"wp:attachment":[{"href":"https:\/\/www2.comunitaria.com.br\/en\/wp-json\/wp\/v2\/media?parent=5365"}],"wp:term":[{"taxonomy":"category","embeddable":true,"href":"https:\/\/www2.comunitaria.com.br\/en\/wp-json\/wp\/v2\/categories?post=5365"},{"taxonomy":"post_tag","embeddable":true,"href":"https:\/\/www2.comunitaria.com.br\/en\/wp-json\/wp\/v2\/tags?post=5365"}],"curies":[{"name":"wp","href":"https:\/\/api.w.org\/{rel}","templated":true}]}}