{"id":53639,"date":"2022-05-19T16:52:28","date_gmt":"2022-05-19T18:52:28","guid":{"rendered":"http:\/\/www2.comunitaria.com.br\/?p=53639"},"modified":"2022-05-19T16:52:28","modified_gmt":"2022-05-19T18:52:28","slug":"campanha-maio-amarelo-deste-ano-traz-o-tema-juntos-salvamos-vidas","status":"publish","type":"post","link":"https:\/\/www2.comunitaria.com.br\/en\/campanha-maio-amarelo-deste-ano-traz-o-tema-juntos-salvamos-vidas\/","title":{"rendered":"Campanha Maio Amarelo deste ano traz o tema: Juntos salvamos vidas"},"content":{"rendered":"<p><strong>&nbsp;<\/strong>O m\u00eas de maio \u00e9 conhecido pela campanha Maio Amarelo, criada h\u00e1 oito anos pelo Observat\u00f3rio Nacional de Seguran\u00e7a Vi\u00e1ria, e neste ano, a a\u00e7\u00e3o foi lan\u00e7ada na \u00faltima quinta-feira, 11, e traz o tema: Juntos salvamos vidas. O movimento tem como objetivo colocar em pauta o elevado n\u00famero de mortes e feridos no tr\u00e2nsito. E acende um alerta para o poder p\u00fablico e sociedade, para a preven\u00e7\u00e3o de acidentes no tr\u00e2nsito.<\/p>\n<p>&nbsp;<\/p>\n<p>O Diretor do Departamento de Tr\u00e2nsito, Giovani Candido, comenta sobre as a\u00e7\u00f5es que o Departamento tem feito em especial para este m\u00eas de maio, \u201cDesde o in\u00edcio do m\u00eas j\u00e1 fizemos diversas atividades, como visitas \u00e0s escolas municipais e estaduais, informando aos alunos sobre a import\u00e2ncia da dire\u00e7\u00e3o defensiva e cuidados no tr\u00e2nsito. Aumentamos as opera\u00e7\u00f5es juntamente com a Brigada Militar, divulgando as orienta\u00e7\u00f5es de tr\u00e2nsito\u201d. Giovani tamb\u00e9m destaca que os cuidados com o tr\u00e2nsito seguro n\u00e3o s\u00e3o apenas no m\u00eas de maio, mas sim o ano inteiro.<\/p>\n<p><strong>&nbsp;<\/strong><\/p>\n<p>Confira as dicas que o Departamento de Tr\u00e2nsito Municipal traz para a popula\u00e7\u00e3o:<\/p>\n<p>&nbsp;<\/p>\n<p><strong>Dez mandamentos do condutor defensivo:<\/strong><\/p>\n<ol>\n<li>Usar corretamente o cinto de seguran\u00e7a em todos os ocupantes do ve\u00edculo;<\/li>\n<li>Usar capacete certificado e de forma correta ao pilotar a motocicleta tanto para o motorista quanto para o passageiro;<\/li>\n<li>N\u00e3o transportar pessoas no compartimento destinado ao transporte de cargas;<\/li>\n<li>N\u00e3o transitar na contram\u00e3o da via;<\/li>\n<li>Pr\u00f3ximo \u00e0s escolas, reduzir a velocidade do ve\u00edculo e redobrar a aten\u00e7\u00e3o;<\/li>\n<li>Conduzir o ve\u00edculo e utilizar o celular, constitui em infra\u00e7\u00e3o grav\u00edssima e risco de acidentes;<\/li>\n<li>Respeitar a prefer\u00eancia do condutor que est\u00e1 transitando na rotat\u00f3ria;<\/li>\n<li>Obedecer \u00e0s orienta\u00e7\u00f5es dos agentes de tr\u00e2nsito;<\/li>\n<li>Estacionar o ve\u00edculo em locais permitidos para estacionar;<\/li>\n<li>Se consumir bebidas alco\u00f3licas ou rem\u00e9dios que comprometam a aten\u00e7\u00e3o no tr\u00e2nsito, n\u00e3o dirija.<\/li>\n<\/ol>\n<p>&nbsp;<\/p>\n<p>&nbsp;<\/p>\n<p>&nbsp;<\/p>\n<p>&nbsp;<\/p>\n<p>&nbsp;<\/p>\n<p>&nbsp;<\/p>\n<p><strong>&nbsp;<\/strong><\/p>\n<p><strong>&nbsp;<\/strong><\/p>\n<p><strong>&nbsp;<\/strong><\/p>","protected":false},"excerpt":{"rendered":"<p>&nbsp;O m\u00eas de maio \u00e9 conhecido pela campanha Maio Amarelo, criada h\u00e1 oito anos pelo Observat\u00f3rio Nacional de Seguran\u00e7a Vi\u00e1ria, e neste ano, a a\u00e7\u00e3o foi lan\u00e7ada na \u00faltima quinta-feira,&#8230;<\/p>","protected":false},"author":2,"featured_media":53641,"comment_status":"open","ping_status":"closed","sticky":false,"template":"","format":"standard","meta":{"ngg_post_thumbnail":0,"footnotes":""},"categories":[42,28],"tags":[],"class_list":["post-53639","post","type-post","status-publish","format-standard","has-post-thumbnail","hentry","category-fred-west","category-destaque"],"amp_enabled":true,"_links":{"self":[{"href":"https:\/\/www2.comunitaria.com.br\/en\/wp-json\/wp\/v2\/posts\/53639","targetHints":{"allow":["GET"]}}],"collection":[{"href":"https:\/\/www2.comunitaria.com.br\/en\/wp-json\/wp\/v2\/posts"}],"about":[{"href":"https:\/\/www2.comunitaria.com.br\/en\/wp-json\/wp\/v2\/types\/post"}],"author":[{"embeddable":true,"href":"https:\/\/www2.comunitaria.com.br\/en\/wp-json\/wp\/v2\/users\/2"}],"replies":[{"embeddable":true,"href":"https:\/\/www2.comunitaria.com.br\/en\/wp-json\/wp\/v2\/comments?post=53639"}],"version-history":[{"count":0,"href":"https:\/\/www2.comunitaria.com.br\/en\/wp-json\/wp\/v2\/posts\/53639\/revisions"}],"wp:featuredmedia":[{"embeddable":true,"href":"https:\/\/www2.comunitaria.com.br\/en\/wp-json\/wp\/v2\/media\/53641"}],"wp:attachment":[{"href":"https:\/\/www2.comunitaria.com.br\/en\/wp-json\/wp\/v2\/media?parent=53639"}],"wp:term":[{"taxonomy":"category","embeddable":true,"href":"https:\/\/www2.comunitaria.com.br\/en\/wp-json\/wp\/v2\/categories?post=53639"},{"taxonomy":"post_tag","embeddable":true,"href":"https:\/\/www2.comunitaria.com.br\/en\/wp-json\/wp\/v2\/tags?post=53639"}],"curies":[{"name":"wp","href":"https:\/\/api.w.org\/{rel}","templated":true}]}}