{"id":53491,"date":"2022-05-05T17:27:38","date_gmt":"2022-05-05T19:27:38","guid":{"rendered":"http:\/\/www2.comunitaria.com.br\/?p=53491"},"modified":"2022-05-05T17:27:38","modified_gmt":"2022-05-05T19:27:38","slug":"brasil-ganhou-mais-de-2-milhoes-de-eleitores-de-16-a-18-anos-entre-janeiro-e-abril","status":"publish","type":"post","link":"https:\/\/www2.comunitaria.com.br\/en\/brasil-ganhou-mais-de-2-milhoes-de-eleitores-de-16-a-18-anos-entre-janeiro-e-abril\/","title":{"rendered":"Brasil ganhou mais de 2 milh\u00f5es de eleitores de 16 a 18 anos entre janeiro e abril"},"content":{"rendered":"<p>Entre janeiro e abril deste ano o pa\u00eds ganhou 2.042.817 novos eleitores nessa faixa et\u00e1ria. Os dados parciais foram divulgados pelo Tribunal Superior Eleitoral (TSE) em sess\u00e3o plen\u00e1ria nesta quinta-feira. O n\u00famero, conforme o presidente do TSE e ministro do Supremo Tribunal Federal (STF), Edson Fachin, representam aumento de 47,2% na compara\u00e7\u00e3o com igual per\u00edodo de 2018 para a faixa et\u00e1ria e crescimento de 57,4% na rela\u00e7\u00e3o do p\u00fablico em 2014.<br \/>\nSegundo Fachin, a mobiliza\u00e7\u00e3o das pessoas de 16 a 18 anos foi maior em abril. No m\u00eas, foram registrados 991.415 novos aptos a votar. Em mar\u00e7o, o n\u00famero foi 89,7% menor (522.471). O prazo para emitir ou regularizar a situa\u00e7\u00e3o do t\u00edtulo de eleitor terminou nessa quarta-feira.<\/p>\n<p><strong>MOBILIZA\u00c7\u00c3O<\/strong><br \/>\nPara o ministro, os dados refletem uma maior mobiliza\u00e7\u00e3o da sociedade em ir \u00e0s urnas no dia 2 de outubro e s\u00e3o fruto de ampla campanha do TSE para alcan\u00e7ar a parcela jovem da popula\u00e7\u00e3o. &#8220;Desta vez o que vimos foi a sociedade brasileira mobilizada pela democracia&#8221;, afirmou. Fachin ressaltou que os dados at\u00e9 o momento s\u00e3o parciais, pois agora a Justi\u00e7a Eleitoral inicia o processo de processamento e resposta das solicita\u00e7\u00f5es eleitorais para posterior divulga\u00e7\u00e3o em julho das estat\u00edsticas oficiais que ir\u00e3o demonstrar perfil brasileiro apto a votar.<br \/>\nDurante a sess\u00e3o, Fachin fez um apelo em especial para a popula\u00e7\u00e3o acima dos 70 anos, que tem o voto facultativo. &#8220;Compare\u00e7am, exer\u00e7am seu direito de voto em 2 de outubro. N\u00e3o deixem de fazer valer a sua vontade pelo voto&#8221;, destacou. Segundo o presidente do TSE, o processo eleitoral est\u00e1 apenas come\u00e7ando e at\u00e9 o momento tem ocorrido &#8220;em ordem, paz e seguran\u00e7a&#8221;.<\/p>","protected":false},"excerpt":{"rendered":"<p>Entre janeiro e abril deste ano o pa\u00eds ganhou 2.042.817 novos eleitores nessa faixa et\u00e1ria. Os dados parciais foram divulgados pelo Tribunal Superior Eleitoral (TSE) em sess\u00e3o plen\u00e1ria nesta quinta-feira&#8230;.<\/p>","protected":false},"author":2,"featured_media":51368,"comment_status":"open","ping_status":"closed","sticky":false,"template":"","format":"standard","meta":{"ngg_post_thumbnail":0,"footnotes":""},"categories":[6173,33,38],"tags":[],"class_list":["post-53491","post","type-post","status-publish","format-standard","has-post-thumbnail","hentry","category-eleicoes-2022","category-noticias","category-politica"],"amp_enabled":true,"_links":{"self":[{"href":"https:\/\/www2.comunitaria.com.br\/en\/wp-json\/wp\/v2\/posts\/53491","targetHints":{"allow":["GET"]}}],"collection":[{"href":"https:\/\/www2.comunitaria.com.br\/en\/wp-json\/wp\/v2\/posts"}],"about":[{"href":"https:\/\/www2.comunitaria.com.br\/en\/wp-json\/wp\/v2\/types\/post"}],"author":[{"embeddable":true,"href":"https:\/\/www2.comunitaria.com.br\/en\/wp-json\/wp\/v2\/users\/2"}],"replies":[{"embeddable":true,"href":"https:\/\/www2.comunitaria.com.br\/en\/wp-json\/wp\/v2\/comments?post=53491"}],"version-history":[{"count":0,"href":"https:\/\/www2.comunitaria.com.br\/en\/wp-json\/wp\/v2\/posts\/53491\/revisions"}],"wp:featuredmedia":[{"embeddable":true,"href":"https:\/\/www2.comunitaria.com.br\/en\/wp-json\/wp\/v2\/media\/51368"}],"wp:attachment":[{"href":"https:\/\/www2.comunitaria.com.br\/en\/wp-json\/wp\/v2\/media?parent=53491"}],"wp:term":[{"taxonomy":"category","embeddable":true,"href":"https:\/\/www2.comunitaria.com.br\/en\/wp-json\/wp\/v2\/categories?post=53491"},{"taxonomy":"post_tag","embeddable":true,"href":"https:\/\/www2.comunitaria.com.br\/en\/wp-json\/wp\/v2\/tags?post=53491"}],"curies":[{"name":"wp","href":"https:\/\/api.w.org\/{rel}","templated":true}]}}