{"id":53431,"date":"2022-05-03T14:13:52","date_gmt":"2022-05-03T16:13:52","guid":{"rendered":"http:\/\/www2.comunitaria.com.br\/?p=53431"},"modified":"2022-05-03T14:13:52","modified_gmt":"2022-05-03T16:13:52","slug":"cresol-raiz-reinaugura-agencia-de-relacionamento-em-alpestre","status":"publish","type":"post","link":"https:\/\/www2.comunitaria.com.br\/en\/cresol-raiz-reinaugura-agencia-de-relacionamento-em-alpestre\/","title":{"rendered":"Cresol Raiz reinaugura ag\u00eancia de relacionamento em Alpestre"},"content":{"rendered":"<p>Com o objetivo de proporcionar um espa\u00e7o mais amplo e moderno para qualificar ainda mais o atendimento aos cooperados, no dia 02 de maio, foi reinaugurada a ag\u00eancia de relacionamento da Cresol Raiz em Alpestre. O novo espa\u00e7o est\u00e1 localizado na Rua Helmuth Schmidt, 665, no centro de Alpestre.<u><\/u>&nbsp;<u><\/u><\/p>\n<p>A solenidade de reinaugura\u00e7\u00e3o contou com a presen\u00e7a de cooperados, autoridades e lideran\u00e7as, como o Vice-presidente da Cresol Raiz, Loreno Carlos Cerutti, Secret\u00e1rio da Cresol Raiz, Sidinei Jos\u00e9 Barbieri, Diretora Executiva Claudiane Piovesan, o Gerente da Ag\u00eancia Cresol Alpestre, Jo\u00e3o Zankoski, o Prefeito de Alpestre Valdir Jos\u00e9 Zasso, Vice-Prefeito de Alpestre Rudimar Argenton, Presidente da C\u00e2mara de Vereadores do munic\u00edpio, Luiz Varta, Padre Valmor Tomazi, dentre outros.<u><\/u>&nbsp;<u><\/u><\/p>\n<p>Para o Gerente da Cresol Alpestre, Jo\u00e3o Zankoski, hoje \u00e9 um dia de muita alegria, \u201cvoc\u00eas associados s\u00e3o o motivo da nossa reinaugura\u00e7\u00e3o, eu me lembro muito bem, h\u00e1 dois anos na sala ao lado na inaugura\u00e7\u00e3o relatei que est\u00e1vamos largando uma \u00f3tima semente em solos f\u00e9rteis, n\u00f3s t\u00ednhamos certeza que iriamos colher bons fruto, hoje, falo com muita convic\u00e7\u00e3o que largamos uma \u00f3tima semente da Cresol em solos f\u00e9rteis em Alpestre, este munic\u00edpio nos abra\u00e7ou, acolheu de uma forma muito calorosa\u201d, finaliza Jo\u00e3o.<\/p>","protected":false},"excerpt":{"rendered":"<p>Com o objetivo de proporcionar um espa\u00e7o mais amplo e moderno para qualificar ainda mais o atendimento aos cooperados, no dia 02 de maio, foi reinaugurada a ag\u00eancia de relacionamento&#8230;<\/p>","protected":false},"author":2,"featured_media":53433,"comment_status":"open","ping_status":"closed","sticky":false,"template":"","format":"standard","meta":{"ngg_post_thumbnail":0,"footnotes":""},"categories":[33],"tags":[],"class_list":["post-53431","post","type-post","status-publish","format-standard","has-post-thumbnail","hentry","category-noticias"],"amp_enabled":true,"_links":{"self":[{"href":"https:\/\/www2.comunitaria.com.br\/en\/wp-json\/wp\/v2\/posts\/53431","targetHints":{"allow":["GET"]}}],"collection":[{"href":"https:\/\/www2.comunitaria.com.br\/en\/wp-json\/wp\/v2\/posts"}],"about":[{"href":"https:\/\/www2.comunitaria.com.br\/en\/wp-json\/wp\/v2\/types\/post"}],"author":[{"embeddable":true,"href":"https:\/\/www2.comunitaria.com.br\/en\/wp-json\/wp\/v2\/users\/2"}],"replies":[{"embeddable":true,"href":"https:\/\/www2.comunitaria.com.br\/en\/wp-json\/wp\/v2\/comments?post=53431"}],"version-history":[{"count":0,"href":"https:\/\/www2.comunitaria.com.br\/en\/wp-json\/wp\/v2\/posts\/53431\/revisions"}],"wp:featuredmedia":[{"embeddable":true,"href":"https:\/\/www2.comunitaria.com.br\/en\/wp-json\/wp\/v2\/media\/53433"}],"wp:attachment":[{"href":"https:\/\/www2.comunitaria.com.br\/en\/wp-json\/wp\/v2\/media?parent=53431"}],"wp:term":[{"taxonomy":"category","embeddable":true,"href":"https:\/\/www2.comunitaria.com.br\/en\/wp-json\/wp\/v2\/categories?post=53431"},{"taxonomy":"post_tag","embeddable":true,"href":"https:\/\/www2.comunitaria.com.br\/en\/wp-json\/wp\/v2\/tags?post=53431"}],"curies":[{"name":"wp","href":"https:\/\/api.w.org\/{rel}","templated":true}]}}