{"id":5335,"date":"2015-07-20T11:33:37","date_gmt":"2015-07-20T13:33:37","guid":{"rendered":"http:\/\/www2.comunitaria.com.br\/?p=5335"},"modified":"2015-07-20T11:34:42","modified_gmt":"2015-07-20T13:34:42","slug":"chuvas-afetam-175-municipios-da-regiao-sul","status":"publish","type":"post","link":"https:\/\/www2.comunitaria.com.br\/en\/chuvas-afetam-175-municipios-da-regiao-sul\/","title":{"rendered":"Chuvas afetam 175 munic\u00edpios da Regi\u00e3o Sul"},"content":{"rendered":"<p style=\"text-align: justify;\">As chuvas finalmente diminu\u00edram nos \u00faltimos dias na regi\u00e3o sul. No entanto, 175 munic\u00edpios foram afetados e continuam sentido as consequ\u00eancias. Em Santa Catarina, o rio Canoinhas continua subindo 1 cent\u00edmetro por hora, faltando apenas 4 cent\u00edmetros para transbordar.<\/p>\n<p style=\"text-align: justify;\"><a href=\"http:\/\/www2.comunitaria.com.br\/en\/previsao-do-tempo-instabilidade-volta-a-aparecer-no-estado\/\" target=\"_blank\">Confira a previs\u00e3o do tempo completa para o Rio Grande do Sul e Frederico Westphalen.<\/a><\/p>\n<p style=\"text-align: justify;\">Em Santa Catarina, s\u00e3o 54 cidades atingidas, sendo 22 delas em situa\u00e7\u00e3o de emerg\u00eancia e tr\u00eas em estado de calamidade p\u00fablica. S\u00e3o 13,5 mil pessoas afetadas. Foram registradas duas mortes, uma no munic\u00edpio de S\u00e3o Joaquim e outra em Coronel Freitas.<\/p>\n<p style=\"text-align: justify;\">No Rio Grande do Sul, as chuvas j\u00e1 afetaram 57 cidades. De acordo com a Defesa Civil do estado, 11,9 mil pessoas foram atingidas e 1.306 est\u00e3o em abrigos. Esteio e Rolante decretaram situa\u00e7\u00e3o de emerg\u00eancia e outras 18 cidades analisam essa possibilidade. A Defesa Civil recebeu alerta de risco muito alto de inunda\u00e7\u00e3o para Itaqui e Uruguaiana.<\/p>\n<p style=\"text-align: justify;\">No Paran\u00e1, de acordo com boletim divulgado ontem pela Defesa Civil, foram afetados 64 munic\u00edpios. Foi decretado situa\u00e7\u00e3o de emerg\u00eancia em 28 cidades. As prefeituras de Manfrin\u00f3polis e Marquinho tamb\u00e9m decretaram situa\u00e7\u00e3o de emerg\u00eancia. O governo local anunciou que vai iniciar a distribui\u00e7\u00e3o de produtos de ajuda humanit\u00e1ria, como <em>kits <\/em>com roupa de cama e colch\u00f5es, al\u00e9m de produtos de higiene e cestas b\u00e1sicas.<\/p>\n<p style=\"text-align: justify;\">Em Frederico Westphalen, <a href=\"http:\/\/Sal\u00e3o Paroquial da Catedral Santo Ant\u00f4nio\" target=\"_blank\">donativos est\u00e3o sendo recolhidos no Sal\u00e3o Paroquial da Catedral Santo Ant\u00f4nio.<\/a><\/p>\n<!--[if lt IE 9]><script>document.createElement('audio');<\/script><![endif]-->\n<audio class=\"wp-audio-shortcode\" id=\"audio-5335-1\" preload=\"none\" style=\"width: 100%;\" controls=\"controls\"><source type=\"audio\/mpeg\" src=\"http:\/\/www2.comunitaria.com.br\/wp-content\/uploads\/2015\/07\/Chuvas_afetam_175_municipios_da_Regiao_Sul_.mp3?_=1\" \/><a href=\"http:\/\/www2.comunitaria.com.br\/wp-content\/uploads\/2015\/07\/Chuvas_afetam_175_municipios_da_Regiao_Sul_.mp3\">http:\/\/www2.comunitaria.com.br\/wp-content\/uploads\/2015\/07\/Chuvas_afetam_175_municipios_da_Regiao_Sul_.mp3<\/a><\/audio>\n<p><strong>\u00a0<\/strong><\/p>\n<p><strong>\u00c1udio:<\/strong> Radioag\u00eancia Nacional<\/p>\n<p><strong>Foto:<\/strong> Adriano Dal Chiavon\/O Alto Uruguai<\/p>\n<p>&nbsp;<\/p>","protected":false},"excerpt":{"rendered":"<p>As chuvas finalmente diminu\u00edram nos \u00faltimos dias na regi\u00e3o sul. No entanto, 175 munic\u00edpios foram afetados e continuam sentido as consequ\u00eancias. Em Santa Catarina, o rio Canoinhas continua subindo 1 cent\u00edmetro por hora, faltando apenas 4 cent\u00edmetros para transbordar. Confira a previs\u00e3o do tempo completa para o Rio Grande do Sul e Frederico Westphalen. Em<\/p>\n<div class=\"read-more-wrapper\"><a class=\"read-more\" href=\"https:\/\/www2.comunitaria.com.br\/en\/chuvas-afetam-175-municipios-da-regiao-sul\/\" title=\"Read More\"> <span class=\"button\">Read More<\/span><\/a><\/div>","protected":false},"author":2,"featured_media":5071,"comment_status":"open","ping_status":"closed","sticky":false,"template":"","format":"standard","meta":{"ngg_post_thumbnail":0,"footnotes":""},"categories":[51,46,42,28,33,43],"tags":[1172,1212,82,1267,1192],"class_list":["post-5335","post","type-post","status-publish","format-standard","has-post-thumbnail","hentry","category-audio","category-estado","category-fred-west","category-destaque","category-noticias","category-regiao","tag-chuvas","tag-enchente","tag-frederico-westphalen","tag-regiao-sul","tag-rio-grande-do-sul"],"amp_enabled":true,"_links":{"self":[{"href":"https:\/\/www2.comunitaria.com.br\/en\/wp-json\/wp\/v2\/posts\/5335","targetHints":{"allow":["GET"]}}],"collection":[{"href":"https:\/\/www2.comunitaria.com.br\/en\/wp-json\/wp\/v2\/posts"}],"about":[{"href":"https:\/\/www2.comunitaria.com.br\/en\/wp-json\/wp\/v2\/types\/post"}],"author":[{"embeddable":true,"href":"https:\/\/www2.comunitaria.com.br\/en\/wp-json\/wp\/v2\/users\/2"}],"replies":[{"embeddable":true,"href":"https:\/\/www2.comunitaria.com.br\/en\/wp-json\/wp\/v2\/comments?post=5335"}],"version-history":[{"count":0,"href":"https:\/\/www2.comunitaria.com.br\/en\/wp-json\/wp\/v2\/posts\/5335\/revisions"}],"wp:featuredmedia":[{"embeddable":true,"href":"https:\/\/www2.comunitaria.com.br\/en\/wp-json\/wp\/v2\/media\/5071"}],"wp:attachment":[{"href":"https:\/\/www2.comunitaria.com.br\/en\/wp-json\/wp\/v2\/media?parent=5335"}],"wp:term":[{"taxonomy":"category","embeddable":true,"href":"https:\/\/www2.comunitaria.com.br\/en\/wp-json\/wp\/v2\/categories?post=5335"},{"taxonomy":"post_tag","embeddable":true,"href":"https:\/\/www2.comunitaria.com.br\/en\/wp-json\/wp\/v2\/tags?post=5335"}],"curies":[{"name":"wp","href":"https:\/\/api.w.org\/{rel}","templated":true}]}}