{"id":53322,"date":"2022-04-26T14:26:02","date_gmt":"2022-04-26T16:26:02","guid":{"rendered":"http:\/\/www2.comunitaria.com.br\/?p=53322"},"modified":"2022-04-26T14:26:02","modified_gmt":"2022-04-26T16:26:02","slug":"sicredi-promove-palestra-que-inspira-e-motiva-o-desenvolvimento-dos-municipios","status":"publish","type":"post","link":"https:\/\/www2.comunitaria.com.br\/en\/sicredi-promove-palestra-que-inspira-e-motiva-o-desenvolvimento-dos-municipios\/","title":{"rendered":"Sicredi promove palestra que inspira e motiva o desenvolvimento dos munic\u00edpios"},"content":{"rendered":"<p>Com o intuito de sempre contribuir com o desenvolvimento das pessoas e das regi\u00f5es onde est\u00e1 presente, uma das iniciativas da Sicredi Alto Uruguai RS\/SC\/MG na Expofred 2022, foi promover a palestra \u201cDesenvolvimento Econ\u00f4mico em Ecossistema \u2013 Case do Munic\u00edpio de Extrema\/MG\u201d. O momento, ministrado pelo ex-secret\u00e1rio de Desenvolvimento Econ\u00f4mico de Extrema e atual diretor de atra\u00e7\u00f5es de investimentos na Ag\u00eancia de Promo\u00e7\u00e3o de Investimentos de Minas Gerais (Invest Minas), Adriano Carvalho, contou com a participa\u00e7\u00e3o de mais de 300 lideran\u00e7as e autoridades de munic\u00edpios do Norte do Rio Grande do Sul e Oeste de Santa Catarina.<\/p>\n<p>Durante a programa\u00e7\u00e3o tamb\u00e9m foi lan\u00e7ado o Portal do Acelera\u00e7\u00e3o Regional, dispon\u00edvel de forma gratuita para acesso aos dados levantados pelo programa, que objetiva o fomento de din\u00e2micas de coopera\u00e7\u00e3o, empreendedorismo e inova\u00e7\u00e3o nos munic\u00edpios. O Acelera\u00e7\u00e3o Regional \u00e9 uma parceria entre a Cooperativa e a Universidade Federal de Santa Maria, campus de Palmeira das Miss\u00f5es, que levantou amplo e detalhado estudo para estimular e subsidiar discuss\u00f5es relativas a desafios, oportunidades e potencialidades dos munic\u00edpios envolvidos e est\u00e1 dispon\u00edvel no site www.aceleracaoregional.com.br.&nbsp; &nbsp;<\/p>\n<p>De acordo com a presidente Angelita Marisa Cadon\u00e1, a palestra foi mais um incentivo para que as lideran\u00e7as pudessem refletir sobre os desafios e aproveitar as oportunidades protagonismo no desenvolvimento local e regional.<\/p>\n<p>\u2013 O Adriano \u00e9 nosso associado em Minas Gerais e tem larga experi\u00eancia nesta \u00e1rea. Inclusive, Extrema tem cerca de 45 mil habitantes e possui mais de 60 mil carteiras assinadas do que o n\u00famero da popula\u00e7\u00e3o local. Al\u00e9m disso, \u00e9 o primeiro no PIB do Sul mineiro e o segundo PIB per capita de Minas Gerais \u2013 Estado com 853 munic\u00edpios. Isso \u00e9 mais uma prova de como \u00e9 poss\u00edvel alcan\u00e7ar o progresso, mesmo em munic\u00edpios de pequeno porte. Nesse sentido, pensamos em proporcionar este compartilhamento de ideias, para que as iniciativas que deram certo l\u00e1, pudessem ser promovidas tamb\u00e9m aqui. Pelos <em>feedbacks que ouvimos, a palestra superou as expectativas e muitas das sugest\u00f5es mencionadas pelo palestrante, ser\u00e3o implementadas, o que com certeza ajudar\u00e1 a desenvolver as regi\u00f5es \u2013 acredita a presidente.<\/em><\/p>\n<p>&nbsp;<\/p>\n<p><strong>A palestra<\/strong><\/p>\n<p>Durante sua fala, Adriano mostrou, atrav\u00e9s das iniciativas de Extrema, como \u00e9 poss\u00edvel buscar o desenvolvimento econ\u00f4mico. \u201cMuitas vezes, os pequenos munic\u00edpios pensam que est\u00e3o fadados a serem daquela forma, com poucas oportunidades, com poucos empregos. Mas o que vivemos em Extrema \u00e9 ao contr\u00e1rio. Em um per\u00edodo de 30 anos, o munic\u00edpio saiu de oito para em torno de 45 mil habitantes, se tornou a primeira economia do Sul do Estado e nos \u00faltimos 20 anos \u00e9 o maior gerador de empregos do Sul de Minas Gerais. Isso gera oportunidades, renda, arrecada\u00e7\u00e3o e cria todo um ambiente aos empreendedores. Ent\u00e3o, compartilhamos experi\u00eancias e mostramos que \u00e9 poss\u00edvel replicar, se n\u00e3o todas as iniciativas, pelo menos parte delas, adaptadas a cada munic\u00edpio e suas realidades\u201d, relatou o palestrante.<\/p>\n<p>Sobre as dificuldades de alcan\u00e7ar este patamar, Adriano acredita que a parte mais desafiadora foi a sensibiliza\u00e7\u00e3o dos habitantes. \u201cA mudan\u00e7a da cultura da popula\u00e7\u00e3o foi muito dif\u00edcil, pois as pessoas, em sua maioria, acreditam que s\u00f3 no munic\u00edpio vizinho podem dar certo as boas iniciativas. Por\u00e9m, este \u00e9 um processo di\u00e1rio de renovar a energia dos empreendedores. Neste quesito, entra o importante papel das entidades, ACIs e CDLs, cooperativas, que t\u00eam o poder de juntar informa\u00e7\u00f5es, pois s\u00e3o as grandes concentradoras de ideias e conseguem motivar os empres\u00e1rios\u201d, alega.<\/p>\n<p>Com rela\u00e7\u00e3o a como os munic\u00edpios representados na palestra podem tamb\u00e9m se desenvolver economicamente, Adriano afirma que o primeiro passo o Sicredi j\u00e1 deu. \u201cTer todos os dados e an\u00e1lises do Acelera\u00e7\u00e3o Regional, que demonstram as fortalezas e limita\u00e7\u00f5es de cada cidade, \u00e9 um verdadeiro presente da Cooperativa. Com as informa\u00e7\u00f5es dispon\u00edveis, cada munic\u00edpio precisa colocar em pr\u00e1tica um plano de a\u00e7\u00e3o e buscar se fortalecer e se desenvolver\u201d, orienta.<\/p>\n<p>Outra forma de ajudar nesse processo \u00e9 o envolvimento da iniciativa privada na vida p\u00fablica. \u201cEmpreendedores precisam se dar conta que eles tamb\u00e9m devem ajudar as prefeituras com a\u00e7\u00f5es j\u00e1 que eles t\u00eam boas ideias e, com certeza, ajudar\u00e3o que estes avan\u00e7os aconte\u00e7am. N\u00e3o tem como fazer um trabalho dissociado, pois quem vai fazer o desenvolvimento econ\u00f4mico \u00e9 a iniciativa privada, mas o poder p\u00fablico vai na frente, \u201cpreparando a casa\u201d, precisa desburocratizar, tonar a vida mais simples, mas f\u00e1cil, mais \u00e1gil para o empreendedor, fazendo o verdadeiro ecossistema\u201d, relata Adriano.<\/p>\n<p>&nbsp;&nbsp;&nbsp;&nbsp;&nbsp;&nbsp;&nbsp;&nbsp;&nbsp;&nbsp;<\/p>\n<p><strong>Participante<\/strong><\/p>\n<p>Um dos prefeitos presentes na palestra \u00e9 o de Caibi\/SC, Eder Picolli, que elogiou a iniciativa da Cooperativa. \u201cS\u00f3 temos a agradecer e reconhecer esta possibilidade que o Sicredi nos deu. Foi um momento muito importante para n\u00f3s gestores, pois as orienta\u00e7\u00f5es e caminhos que o palestrante nos mostrou foram fundamentais para aplicarmos tamb\u00e9m nas prefeituras. Essas novas ideias nos abrir\u00e3o um leque de oportunidades para implementarmos nos nossos munic\u00edpios. O que j\u00e1 vamos colocar em pr\u00e1tica \u00e9 separar a pol\u00edtica da parte administrativa, da parte t\u00e9cnica e de gest\u00e3o, para desenvolvermos mais a nossa cidade\u201d, ressalta Picolli.<\/p>\n<p>Da mesma forma o prefeito de Ira\u00ed\/RS, Antonio Vilson Bernardi, assegura que o momento foi \u00edmpar. \u201cO Adriano foi fant\u00e1stico nas coloca\u00e7\u00f5es e nos mostrou caminhos de como conseguir resultados positivos, iniciando com planejamento e organiza\u00e7\u00e3o, adaptando a nossa realidade. Foram informa\u00e7\u00f5es preciosas que podemos desenvolver nos munic\u00edpios e transformar realidades. Seguindo as dicas, j\u00e1 adianto que vamos focar em mais planejamento. Vamos tra\u00e7ar o que queremos e seguir at\u00e9 alcan\u00e7armos estes objetivos, focando em boas a\u00e7\u00f5es\u201d, frisa Bernardi.<\/p>","protected":false},"excerpt":{"rendered":"<p>Com o intuito de sempre contribuir com o desenvolvimento das pessoas e das regi\u00f5es onde est\u00e1 presente, uma das iniciativas da Sicredi Alto Uruguai RS\/SC\/MG na Expofred 2022, foi promover&#8230;<\/p>","protected":false},"author":2,"featured_media":53324,"comment_status":"open","ping_status":"closed","sticky":false,"template":"","format":"standard","meta":{"ngg_post_thumbnail":0,"footnotes":""},"categories":[33],"tags":[],"class_list":["post-53322","post","type-post","status-publish","format-standard","has-post-thumbnail","hentry","category-noticias"],"amp_enabled":true,"_links":{"self":[{"href":"https:\/\/www2.comunitaria.com.br\/en\/wp-json\/wp\/v2\/posts\/53322","targetHints":{"allow":["GET"]}}],"collection":[{"href":"https:\/\/www2.comunitaria.com.br\/en\/wp-json\/wp\/v2\/posts"}],"about":[{"href":"https:\/\/www2.comunitaria.com.br\/en\/wp-json\/wp\/v2\/types\/post"}],"author":[{"embeddable":true,"href":"https:\/\/www2.comunitaria.com.br\/en\/wp-json\/wp\/v2\/users\/2"}],"replies":[{"embeddable":true,"href":"https:\/\/www2.comunitaria.com.br\/en\/wp-json\/wp\/v2\/comments?post=53322"}],"version-history":[{"count":0,"href":"https:\/\/www2.comunitaria.com.br\/en\/wp-json\/wp\/v2\/posts\/53322\/revisions"}],"wp:featuredmedia":[{"embeddable":true,"href":"https:\/\/www2.comunitaria.com.br\/en\/wp-json\/wp\/v2\/media\/53324"}],"wp:attachment":[{"href":"https:\/\/www2.comunitaria.com.br\/en\/wp-json\/wp\/v2\/media?parent=53322"}],"wp:term":[{"taxonomy":"category","embeddable":true,"href":"https:\/\/www2.comunitaria.com.br\/en\/wp-json\/wp\/v2\/categories?post=53322"},{"taxonomy":"post_tag","embeddable":true,"href":"https:\/\/www2.comunitaria.com.br\/en\/wp-json\/wp\/v2\/tags?post=53322"}],"curies":[{"name":"wp","href":"https:\/\/api.w.org\/{rel}","templated":true}]}}