{"id":53291,"date":"2022-04-18T10:08:41","date_gmt":"2022-04-18T12:08:41","guid":{"rendered":"http:\/\/www2.comunitaria.com.br\/?p=53291"},"modified":"2022-04-18T10:08:41","modified_gmt":"2022-04-18T12:08:41","slug":"cufa-frederico-westphalen-participa-de-expo-favela-2022","status":"publish","type":"post","link":"https:\/\/www2.comunitaria.com.br\/en\/cufa-frederico-westphalen-participa-de-expo-favela-2022\/","title":{"rendered":"CUFA Frederico Westphalen participa de Expo Favela 2022"},"content":{"rendered":"<p>A cidade de S\u00e3o Paulo\/SP promoveu entre os dias 15, 16 e 17 de Abril, a Expo Favela, evento que reuniu expositores e startups de favelas de todo o Brasil, com o intuito de dar visibilidade aos empreendimentos.<\/p>\n<p>O evento promoveu o encontro dos participantes com personalidades como Luiza Helena Trajano, Luciano Huck, Emicida, Regina Cas\u00e9, Kondzilla, Alok, Manoel Soares, entre outros, em torno de pain\u00e9is com diferentes debates, em diversos espa\u00e7os pela estrutura do World Trade Center, em S\u00e3o Paulo\/SP, local que abrigou os tr\u00eas dias de programa\u00e7\u00e3o.<\/p>\n<p>Durante o evento, foram, inclusive, promovidos encontros da CUFA Rio Grande do Sul, que esteve representada pelas cidades de Porto Alegre\/RS, Pelotas\/RS, Viam\u00e3o\/RS e Frederico Westphalen\/RS, junto ao Coordenador Estadual da Organiza\u00e7\u00e3o, Paulo Daniel Santos, e Manoel Soares, apresentador da Rede Globo e membro da CUFA RS.<\/p>\n<p>A CUFA Frederico Westphalen\/RS esteve representada por Junior Torres, Roberto Torres e Vin\u00edcius Duarte.<\/p>\n<p><a href=\"http:\/\/www2.comunitaria.com.br\/en\/cufa-frederico-westphalen-participa-de-expo-favela-2022\/whatsapp-image-2022-04-18-at-09-01-57\/\" rel=\"attachment wp-att-53294\"><img loading=\"lazy\" decoding=\"async\" class=\"aligncenter size-large wp-image-53294\" src=\"http:\/\/www2.comunitaria.com.br\/wp-content\/uploads\/2022\/04\/WhatsApp-Image-2022-04-18-at-09.01.57-1024x768.jpeg\" alt=\"\" width=\"1024\" height=\"768\" srcset=\"https:\/\/www2.comunitaria.com.br\/wp-content\/uploads\/2022\/04\/WhatsApp-Image-2022-04-18-at-09.01.57-1024x768.jpeg 1024w, https:\/\/www2.comunitaria.com.br\/wp-content\/uploads\/2022\/04\/WhatsApp-Image-2022-04-18-at-09.01.57-300x225.jpeg 300w, https:\/\/www2.comunitaria.com.br\/wp-content\/uploads\/2022\/04\/WhatsApp-Image-2022-04-18-at-09.01.57-768x576.jpeg 768w, https:\/\/www2.comunitaria.com.br\/wp-content\/uploads\/2022\/04\/WhatsApp-Image-2022-04-18-at-09.01.57-1536x1152.jpeg 1536w, https:\/\/www2.comunitaria.com.br\/wp-content\/uploads\/2022\/04\/WhatsApp-Image-2022-04-18-at-09.01.57-1200x900.jpeg 1200w, https:\/\/www2.comunitaria.com.br\/wp-content\/uploads\/2022\/04\/WhatsApp-Image-2022-04-18-at-09.01.57-1440x1080.jpeg 1440w, https:\/\/www2.comunitaria.com.br\/wp-content\/uploads\/2022\/04\/WhatsApp-Image-2022-04-18-at-09.01.57.jpeg 1600w\" sizes=\"auto, (max-width: 1024px) 100vw, 1024px\" \/><\/a><\/p>","protected":false},"excerpt":{"rendered":"<p>A cidade de S\u00e3o Paulo\/SP promoveu entre os dias 15, 16 e 17 de Abril, a Expo Favela, evento que reuniu expositores e startups de favelas de todo o Brasil, com o intuito de dar visibilidade aos empreendimentos. O evento promoveu o encontro dos participantes com personalidades como Luiza Helena Trajano, Luciano Huck, Emicida, Regina<\/p>\n<div class=\"read-more-wrapper\"><a class=\"read-more\" href=\"https:\/\/www2.comunitaria.com.br\/en\/cufa-frederico-westphalen-participa-de-expo-favela-2022\/\" title=\"Read More\"> <span class=\"button\">Read More<\/span><\/a><\/div>","protected":false},"author":2,"featured_media":53293,"comment_status":"open","ping_status":"closed","sticky":false,"template":"","format":"standard","meta":{"ngg_post_thumbnail":0,"footnotes":""},"categories":[3593,42,33],"tags":[],"class_list":["post-53291","post","type-post","status-publish","format-standard","has-post-thumbnail","hentry","category-cultura","category-fred-west","category-noticias"],"amp_enabled":true,"_links":{"self":[{"href":"https:\/\/www2.comunitaria.com.br\/en\/wp-json\/wp\/v2\/posts\/53291","targetHints":{"allow":["GET"]}}],"collection":[{"href":"https:\/\/www2.comunitaria.com.br\/en\/wp-json\/wp\/v2\/posts"}],"about":[{"href":"https:\/\/www2.comunitaria.com.br\/en\/wp-json\/wp\/v2\/types\/post"}],"author":[{"embeddable":true,"href":"https:\/\/www2.comunitaria.com.br\/en\/wp-json\/wp\/v2\/users\/2"}],"replies":[{"embeddable":true,"href":"https:\/\/www2.comunitaria.com.br\/en\/wp-json\/wp\/v2\/comments?post=53291"}],"version-history":[{"count":0,"href":"https:\/\/www2.comunitaria.com.br\/en\/wp-json\/wp\/v2\/posts\/53291\/revisions"}],"wp:featuredmedia":[{"embeddable":true,"href":"https:\/\/www2.comunitaria.com.br\/en\/wp-json\/wp\/v2\/media\/53293"}],"wp:attachment":[{"href":"https:\/\/www2.comunitaria.com.br\/en\/wp-json\/wp\/v2\/media?parent=53291"}],"wp:term":[{"taxonomy":"category","embeddable":true,"href":"https:\/\/www2.comunitaria.com.br\/en\/wp-json\/wp\/v2\/categories?post=53291"},{"taxonomy":"post_tag","embeddable":true,"href":"https:\/\/www2.comunitaria.com.br\/en\/wp-json\/wp\/v2\/tags?post=53291"}],"curies":[{"name":"wp","href":"https:\/\/api.w.org\/{rel}","templated":true}]}}