{"id":53254,"date":"2022-04-13T16:52:33","date_gmt":"2022-04-13T18:52:33","guid":{"rendered":"http:\/\/www2.comunitaria.com.br\/?p=53254"},"modified":"2022-04-13T16:52:33","modified_gmt":"2022-04-13T18:52:33","slug":"revitalizacao-da-rua-santo-caeran-vereadores-entregam-oficio-ao-governador-do-rs","status":"publish","type":"post","link":"https:\/\/www2.comunitaria.com.br\/en\/revitalizacao-da-rua-santo-caeran-vereadores-entregam-oficio-ao-governador-do-rs\/","title":{"rendered":"Revitaliza\u00e7\u00e3o da Rua Santo Caeran: vereadores entregam of\u00edcio ao governador do RS"},"content":{"rendered":"<p>Em visita a Capital do Estado na segunda-feira, 11, os vereadores da bancada do PSDB, Jorge Alan Souza e Raul Pazuch da Silva, entregaram um of\u00edcio ao governador do RS, Ranolfo Vieira J\u00fanior, solicitando a destina\u00e7\u00e3o de valores, por meio do programa Avan\u00e7ar, para a revitaliza\u00e7\u00e3o da Rua Santo Caeran. \u201cTal solicita\u00e7\u00e3o deve-se ao fato de que a Santo Caeran \u00e9 uma estrada municipal estrat\u00e9gica para acesso \u00e0s institui\u00e7\u00f5es de ensino superior \u2013 URI, UFSM e IFFar \u2013, para o turismo e esporte, dando acesso ao Parque Municipal da Faguense, Santu\u00e1rio de Schoenstatt e Arena do Uni\u00e3o Frederiquense, al\u00e9m de ser uma importante via estrutural e de desenvolvimento regional, encurtando dist\u00e2ncias entre os munic\u00edpios da regi\u00e3o M\u00e9dio Alto Uruguai com a regi\u00e3o Celeiro e Oeste de Santa Catarina, sendo, tamb\u00e9m, uma possibilidade de desvio de tr\u00e1fego do Centro da cidade\u201d, comentou Souza. &nbsp;<\/p>\n<p>Um projeto do munic\u00edpio j\u00e1 foi encaminhado ao Governo e h\u00e1 a possibilidade da libera\u00e7\u00e3o dos recursos na pr\u00f3xima etapa do programa. \u201cFoi um pedido formal feito pelos vereadores do PSDB e demais representantes do partido no munic\u00edpio, juntamente com o Poder Legislativo e o Poder Executivo. Mais um passo importante para a conquista destes valores\u201d, destacou Pazuch.<\/p>\n<p>&nbsp;<\/p>","protected":false},"excerpt":{"rendered":"<p>Em visita a Capital do Estado na segunda-feira, 11, os vereadores da bancada do PSDB, Jorge Alan Souza e Raul Pazuch da Silva, entregaram um of\u00edcio ao governador do RS,&#8230;<\/p>","protected":false},"author":2,"featured_media":53256,"comment_status":"open","ping_status":"closed","sticky":false,"template":"","format":"standard","meta":{"ngg_post_thumbnail":0,"footnotes":""},"categories":[42,33,38],"tags":[],"class_list":["post-53254","post","type-post","status-publish","format-standard","has-post-thumbnail","hentry","category-fred-west","category-noticias","category-politica"],"amp_enabled":true,"_links":{"self":[{"href":"https:\/\/www2.comunitaria.com.br\/en\/wp-json\/wp\/v2\/posts\/53254","targetHints":{"allow":["GET"]}}],"collection":[{"href":"https:\/\/www2.comunitaria.com.br\/en\/wp-json\/wp\/v2\/posts"}],"about":[{"href":"https:\/\/www2.comunitaria.com.br\/en\/wp-json\/wp\/v2\/types\/post"}],"author":[{"embeddable":true,"href":"https:\/\/www2.comunitaria.com.br\/en\/wp-json\/wp\/v2\/users\/2"}],"replies":[{"embeddable":true,"href":"https:\/\/www2.comunitaria.com.br\/en\/wp-json\/wp\/v2\/comments?post=53254"}],"version-history":[{"count":0,"href":"https:\/\/www2.comunitaria.com.br\/en\/wp-json\/wp\/v2\/posts\/53254\/revisions"}],"wp:featuredmedia":[{"embeddable":true,"href":"https:\/\/www2.comunitaria.com.br\/en\/wp-json\/wp\/v2\/media\/53256"}],"wp:attachment":[{"href":"https:\/\/www2.comunitaria.com.br\/en\/wp-json\/wp\/v2\/media?parent=53254"}],"wp:term":[{"taxonomy":"category","embeddable":true,"href":"https:\/\/www2.comunitaria.com.br\/en\/wp-json\/wp\/v2\/categories?post=53254"},{"taxonomy":"post_tag","embeddable":true,"href":"https:\/\/www2.comunitaria.com.br\/en\/wp-json\/wp\/v2\/tags?post=53254"}],"curies":[{"name":"wp","href":"https:\/\/api.w.org\/{rel}","templated":true}]}}