{"id":53213,"date":"2022-04-12T13:48:13","date_gmt":"2022-04-12T15:48:13","guid":{"rendered":"http:\/\/www2.comunitaria.com.br\/?p=53213"},"modified":"2022-04-12T13:48:13","modified_gmt":"2022-04-12T15:48:13","slug":"sicredi-alto-uruguai-rs-sc-mg-realiza-assembleia-geral-ordinaria","status":"publish","type":"post","link":"https:\/\/www2.comunitaria.com.br\/en\/sicredi-alto-uruguai-rs-sc-mg-realiza-assembleia-geral-ordinaria\/","title":{"rendered":"Sicredi Alto Uruguai RS\/SC\/MG realiza Assembleia Geral Ordin\u00e1ria"},"content":{"rendered":"<p>Como forma de levar informa\u00e7\u00f5es sobre as a\u00e7\u00f5es desenvolvidas e tamb\u00e9m de oportunizar que os associados decidam o rumo da Cooperativa, a Sicredi Alto Uruguai RS\/SC\/MG realizou seu Ciclo Assemblear 2022. Os momentos digitais e regionalizados, aconteceram no m\u00eas de mar\u00e7o, nos dias 8, 15 e 22, para os associados de Santa Catarina, Rio Grande do Sul e Minas Gerais, respectivamente, que contaram com mais de 9,5 mil participa\u00e7\u00f5es.<\/p>\n<p>Fechando o per\u00edodo mais importante da vida de uma Cooperativa, aconteceu a Assembleia Geral Ordin\u00e1ria (AGO), no s\u00e1bado, 9, tamb\u00e9m de forma digital, sendo transmitida diretamente da sede da institui\u00e7\u00e3o em Rodeio Bonito\/RS. Estiveram presentes, al\u00e9m da dire\u00e7\u00e3o e conselhos da Cooperativa e da diretoria executiva, representantes dos s\u00f3cios-fundadores, coordenadores de n\u00facleo e Comiss\u00e3o Eleitoral, ex-dirigentes, assim como, o prefeito de Rodeio Bonito\/RS, Paulo Duarte, e o vereador, Ricardo Ribeiro, ambos representando as demais autoridades de todos os munic\u00edpios onde a Cooperativa atua. Al\u00e9m desses, os Coordenadores de N\u00facleo, que representam os mais de 102 mil associados, estiveram participando direto das ag\u00eancias de cada munic\u00edpio.<\/p>\n<p>A pauta do dia envolveu a presta\u00e7\u00e3o de contas, a destina\u00e7\u00e3o de resultados, a elei\u00e7\u00e3o do Conselho Fiscal, o planejamento da Cooperativa para o pr\u00f3ximo ano, dentre outros assuntos. Oportunidade, em que os representantes referendaram a decis\u00e3o dos associados, manifestada nas assembleias regionalizadas.<\/p>\n<p>Representando todo o Sistema Sicredi, o presidente da Central Sul\/Sudeste, M\u00e1rcio Port, participou de forma remota, assegurando que a assembleia \u00e9 um dia de presta\u00e7\u00e3o de contas, mas tamb\u00e9m de comemora\u00e7\u00e3o.<\/p>\n<p>\u2013 O ano de 2021, foi desafiador e mais uma vez o Sicredi, demonstrando todos os seus diferenciais, se destacou atendendo as necessidades dos associados e das comunidades. No Sistema, alcan\u00e7amos um crescimento de mais de 30%. O protagonismo que o Sicredi tem, \u00e9 demonstrado tamb\u00e9m por ser o segundo repassador de cr\u00e9dito rural do pa\u00eds, mostrando ainda seu forte apoio \u00e0 micro e pequenas empresas. Por isso, s\u00f3 temos a agradecer, inclusive \u00e0 Sicredi Alto Uruguai RS\/SC\/MG, que \u00e9 uma importante engrenagem em todo o nosso Sistema, pois atua fortemente nos seus tr\u00eas Estados, fazendo a diferen\u00e7a no dia a dia. Nosso desejo \u00e9 que possamos ter cada vez mais pessoas impactadas positivamente pelo Sicredi \u2013 frisa Port.<\/p>\n<p>Analisando a evolu\u00e7\u00e3o da Cooperativa, a presidente Angelita Marisa Cadon\u00e1 assegura que 2021 foi muito especial.<\/p>\n<p>\u2013 No ano passado, ultrapassamos os 102 mil associados, somamos 36 ag\u00eancias e apresentamos um expressivo crescimento nos recursos administrados. Foi um ano que as expectativas foram superadas e um indicador que demonstra esta evolu\u00e7\u00e3o \u00e9 a distribui\u00e7\u00e3o de R$ 17,8 milh\u00f5es de resultados, que ser\u00e3o creditados aos associados no dia 18 de abril \u2013 data que comemoramos 41 anos, onde somados ao pagamento de juros ao capital dos associados, totalizam mais de R$ 20,9 milh\u00f5es que retornam direto aos associados. Importante contabilizar os resultados econ\u00f4micos e sociais, pois se somarmos o valor da distribui\u00e7\u00e3o de resultados, o pagamento de juros ao capital, o Fundo de Desenvolvimento Regional, a a\u00e7\u00e3o solid\u00e1ria Juntos Fazemos o Bem e os recursos investidos nos programas e projetos sociais, a Cooperativa entregou mais de R$ 26 milh\u00f5es ao quadro de associados e \u00e0 sociedade onde est\u00e1 inserida. Nesse sentido, somos muito gratos a todos que acreditam e investem na nossa institui\u00e7\u00e3o \u2013 enaltece Angelita.<\/p>\n<p>J\u00e1 representando os associados do Rio Grande do Sul, a Coordenadora de N\u00facleo de Cai\u00e7ara\/RS, Franciele Tatto, afirma estar muito satisfeita com o crescimento alcan\u00e7ado no exerc\u00edcio.<\/p>\n<p>\u2013 Vendo os resultados da Cooperativa de 2021, observamos uma evolu\u00e7\u00e3o em todos os \u00edndices, tanto em n\u00famero de associados, como no econ\u00f4mico-financeiro, como tamb\u00e9m nas a\u00e7\u00f5es sociais. Por isso, acredito que 2022, ser\u00e1 muito produtivo, pois as perspectivas econ\u00f4micas s\u00e3o melhores. Para comprovar este crescimento, \u00e9 muito importante que os associados, que s\u00e3o os donos do neg\u00f3cio, participem da vida da sua Cooperativa, cada vez mais, avaliando e reconhecendo este desenvolvimento \u2013 salienta Franciele.<\/p>\n<p>&nbsp;<\/p>\n<p><strong>Futura Mam\u00e3e<\/strong><\/p>\n<p>Durante a Assembleia, a Cooperativa mais uma vez inovou ao lan\u00e7ar o Programa \u201cFutura Mam\u00e3e\u201d. O objetivo \u00e9 gerar conex\u00e3o, informa\u00e7\u00e3o e experi\u00eancia com as associadas gestantes, pois \u00e9 genu\u00edno e faz parte dos princ\u00edpios da institui\u00e7\u00e3o o investimento e desenvolvimento das pessoas. Ser\u00e3o turmas cont\u00ednuas, com encontros mensais em formato h\u00edbrido \u2013 digital e presencial \u2013, com in\u00edcio em junho de 2022.<\/p>\n<p>Com esta novidade, atualmente s\u00e3o 15 iniciativas da Cooperativa de impacto nas comunidades onde est\u00e1 inserida.&nbsp;<\/p>\n<p>&nbsp;<\/p>\n<p><strong>Anivers\u00e1rio de 41 anos<\/strong><\/p>\n<p>Neste m\u00eas de abril, a Cooperativa est\u00e1 em festa, pois no dia 18 comemora 41 anos. Para celebrar a data, ser\u00e1 realizada uma live, no dia do anivers\u00e1rio, \u00e0s 19h30min, com a participa\u00e7\u00e3o do palestrante Carlos Cogo, abordando o tema: \u201cCen\u00e1rios para o Agroneg\u00f3cio: oportunidades e desafios\u201d. O palestrante tem uma trajet\u00f3ria consolidada no agroneg\u00f3cio, sendo consultor neste segmento h\u00e1 30 anos.<\/p>\n<p>&nbsp;<\/p>\n<p><strong>Pesquisa de Percep\u00e7\u00e3o e Satisfa\u00e7\u00e3o<\/strong><\/p>\n<p>Sendo uma ferramenta de gest\u00e3o e tamb\u00e9m uma balizadora de a\u00e7\u00f5es, a Cooperativa \u2013 que sempre busca uma melhoria cont\u00ednua no seu dia a dia \u2013 promoveu uma Pesquisa de Percep\u00e7\u00e3o e Satisfa\u00e7\u00e3o, entrevistando 3.243 pessoas, entre associados e n\u00e3o-associados, nos seus tr\u00eas Estados de atua\u00e7\u00e3o, nos \u00faltimos dois meses.<\/p>\n<p>Nas quase 60 quest\u00f5es, utilizando metodologia qualitativa e quantitativa, a pesquisa buscou insumos para evolu\u00e7\u00e3o do empreendimento. Os n\u00fameros alcan\u00e7ados foram satisfat\u00f3rios, pois em v\u00e1rios itens os \u00edndices se aproximaram de 100%. Entre eles, produtos e servi\u00e7os, que somaram 95,49%, entre satisfeitos e muitos satisfeitos. O n\u00edvel de confian\u00e7a na institui\u00e7\u00e3o foi de 97,37% e o grau de satisfa\u00e7\u00e3o com o Sicredi chegou a 95,54% entre satisfeitos e muito satisfeitos. Tamb\u00e9m, 96,10% dessas pessoas t\u00eam inten\u00e7\u00e3o de continuar fazendo neg\u00f3cios com o Sicredi. Al\u00e9m disso, 89,61% dos entrevistados recomendam a institui\u00e7\u00e3o e 70,22% utilizam o Sicredi como usa principal institui\u00e7\u00e3o financeira.<\/p>\n<p>&nbsp;<\/p>\n<p><strong>Conex\u00e3o com o Associado<\/strong><\/p>\n<p>Como continuidade do ciclo, buscando estar mais pr\u00f3ximo e sempre presente na vida dos associados, a Cooperativa realizar\u00e1 no decorrer do ano, o \u201cConex\u00e3o com o Associado\u201d. Com a possibilidade de ter reuni\u00f5es presenciais novamente, cada munic\u00edpio contar\u00e1 com encontros destinados a levar temas de interesses, ouvir os associados e estreitar ainda mais o relacionamento.<\/p>\n<p><strong>&nbsp;<\/strong><\/p>","protected":false},"excerpt":{"rendered":"<p>Como forma de levar informa\u00e7\u00f5es sobre as a\u00e7\u00f5es desenvolvidas e tamb\u00e9m de oportunizar que os associados decidam o rumo da Cooperativa, a Sicredi Alto Uruguai RS\/SC\/MG realizou seu Ciclo Assemblear&#8230;<\/p>","protected":false},"author":2,"featured_media":53215,"comment_status":"open","ping_status":"closed","sticky":false,"template":"","format":"standard","meta":{"ngg_post_thumbnail":0,"footnotes":""},"categories":[42,33],"tags":[],"class_list":["post-53213","post","type-post","status-publish","format-standard","has-post-thumbnail","hentry","category-fred-west","category-noticias"],"amp_enabled":true,"_links":{"self":[{"href":"https:\/\/www2.comunitaria.com.br\/en\/wp-json\/wp\/v2\/posts\/53213","targetHints":{"allow":["GET"]}}],"collection":[{"href":"https:\/\/www2.comunitaria.com.br\/en\/wp-json\/wp\/v2\/posts"}],"about":[{"href":"https:\/\/www2.comunitaria.com.br\/en\/wp-json\/wp\/v2\/types\/post"}],"author":[{"embeddable":true,"href":"https:\/\/www2.comunitaria.com.br\/en\/wp-json\/wp\/v2\/users\/2"}],"replies":[{"embeddable":true,"href":"https:\/\/www2.comunitaria.com.br\/en\/wp-json\/wp\/v2\/comments?post=53213"}],"version-history":[{"count":0,"href":"https:\/\/www2.comunitaria.com.br\/en\/wp-json\/wp\/v2\/posts\/53213\/revisions"}],"wp:featuredmedia":[{"embeddable":true,"href":"https:\/\/www2.comunitaria.com.br\/en\/wp-json\/wp\/v2\/media\/53215"}],"wp:attachment":[{"href":"https:\/\/www2.comunitaria.com.br\/en\/wp-json\/wp\/v2\/media?parent=53213"}],"wp:term":[{"taxonomy":"category","embeddable":true,"href":"https:\/\/www2.comunitaria.com.br\/en\/wp-json\/wp\/v2\/categories?post=53213"},{"taxonomy":"post_tag","embeddable":true,"href":"https:\/\/www2.comunitaria.com.br\/en\/wp-json\/wp\/v2\/tags?post=53213"}],"curies":[{"name":"wp","href":"https:\/\/api.w.org\/{rel}","templated":true}]}}