{"id":5315,"date":"2015-07-20T09:49:19","date_gmt":"2015-07-20T11:49:19","guid":{"rendered":"http:\/\/www2.comunitaria.com.br\/?p=5315"},"modified":"2015-07-20T09:49:19","modified_gmt":"2015-07-20T11:49:19","slug":"sao-escolhidas-as-soberanas-da-17a-oktoberfest","status":"publish","type":"post","link":"https:\/\/www2.comunitaria.com.br\/en\/sao-escolhidas-as-soberanas-da-17a-oktoberfest\/","title":{"rendered":"S\u00e3o escolhidas as soberanas da 17\u00aa Oktoberfest"},"content":{"rendered":"<p style=\"text-align: justify;\">Foram escolhidas, na noite de s\u00e1bado, 18, no gin\u00e1sio municipal, as soberanas da 17\u00aa edi\u00e7\u00e3o da Oktoberfest, que ser\u00e1 realizada do dia 9 ao dia 11 de outubro, no munic\u00edpio de Alpestre. O evento, organizado pela Associa\u00e7\u00e3o Cultural Alem\u00e3 Alpenrose (Acaal), contou com a participa\u00e7\u00e3o de 10 candidatas, que foram avaliadas pelo corpo de jurados composto por integrantes do munic\u00edpio e da regi\u00e3o, nos quesitos beleza, simpatia e desenvoltura.<\/p>\n<p style=\"text-align: justify;\">Das 10 inscritas, tr\u00eas conquistaram as faixas. Francieli Cenci foi escolhida a segunda-princesa, Amanda Boeck foi eleita a primeira-princesa e o t\u00edtulo de rainha ficou com a candidata Taiane Mezzalira. As representantes de 2014, Paola Sommer (rainha), Francieli Krupinski (primeira-princesa) e Fernanda Cenci (segunda-princesa) entregaram as faixas para a nova corte de 2015. Junto \u00e0 escolha, aconteceu tamb\u00e9m o jantar presta\u00e7\u00e3o de contas da 16\u00aa Oktoberfest e da 3\u00aa Expo Alpes e baile com a anima\u00e7\u00e3o da banda Tome Pegada.<\/p>\n\n\t\t<style>\n\t\t\t#gallery-1 {\n\t\t\t\tmargin: auto;\n\t\t\t}\n\t\t\t#gallery-1 .gallery-item {\n\t\t\t\tfloat: left;\n\t\t\t\tmargin-top: 10px;\n\t\t\t\ttext-align: center;\n\t\t\t\twidth: 33%;\n\t\t\t}\n\t\t\t#gallery-1 img {\n\t\t\t\tborder: 2px solid #cfcfcf;\n\t\t\t}\n\t\t\t#gallery-1 .gallery-caption {\n\t\t\t\tmargin-left: 0;\n\t\t\t}\n\t\t\t\/* see gallery_shortcode() in wp-includes\/media.php *\/\n\t\t<\/style>\n\t\t<div id='gallery-1' class='gallery galleryid-5315 gallery-columns-3 gallery-size-thumbnail'><dl class='gallery-item'>\n\t\t\t<dt class='gallery-icon landscape'>\n\t\t\t\t<a href='https:\/\/www2.comunitaria.com.br\/en\/sao-escolhidas-as-soberanas-da-17a-oktoberfest\/50940-700x400-1\/'><img loading=\"lazy\" decoding=\"async\" width=\"150\" height=\"150\" src=\"https:\/\/www2.comunitaria.com.br\/wp-content\/uploads\/2015\/07\/50940-700x400-1-150x150.jpg\" class=\"attachment-thumbnail size-thumbnail\" alt=\"\" srcset=\"https:\/\/www2.comunitaria.com.br\/wp-content\/uploads\/2015\/07\/50940-700x400-1-150x150.jpg 150w, https:\/\/www2.comunitaria.com.br\/wp-content\/uploads\/2015\/07\/50940-700x400-1-65x65.jpg 65w\" sizes=\"auto, (max-width: 150px) 100vw, 150px\" \/><\/a>\n\t\t\t<\/dt><\/dl><dl class='gallery-item'>\n\t\t\t<dt class='gallery-icon landscape'>\n\t\t\t\t<a href='https:\/\/www2.comunitaria.com.br\/en\/sao-escolhidas-as-soberanas-da-17a-oktoberfest\/50956-700x400-1\/'><img loading=\"lazy\" decoding=\"async\" width=\"150\" height=\"150\" src=\"https:\/\/www2.comunitaria.com.br\/wp-content\/uploads\/2015\/07\/50956-700x400-1-150x150.jpg\" class=\"attachment-thumbnail size-thumbnail\" alt=\"\" srcset=\"https:\/\/www2.comunitaria.com.br\/wp-content\/uploads\/2015\/07\/50956-700x400-1-150x150.jpg 150w, https:\/\/www2.comunitaria.com.br\/wp-content\/uploads\/2015\/07\/50956-700x400-1-65x65.jpg 65w\" sizes=\"auto, (max-width: 150px) 100vw, 150px\" \/><\/a>\n\t\t\t<\/dt><\/dl><dl class='gallery-item'>\n\t\t\t<dt class='gallery-icon landscape'>\n\t\t\t\t<a href='https:\/\/www2.comunitaria.com.br\/en\/sao-escolhidas-as-soberanas-da-17a-oktoberfest\/50958-700x400-1\/'><img loading=\"lazy\" decoding=\"async\" width=\"150\" height=\"150\" src=\"https:\/\/www2.comunitaria.com.br\/wp-content\/uploads\/2015\/07\/50958-700x400-1-150x150.jpg\" class=\"attachment-thumbnail size-thumbnail\" alt=\"\" srcset=\"https:\/\/www2.comunitaria.com.br\/wp-content\/uploads\/2015\/07\/50958-700x400-1-150x150.jpg 150w, https:\/\/www2.comunitaria.com.br\/wp-content\/uploads\/2015\/07\/50958-700x400-1-65x65.jpg 65w\" sizes=\"auto, (max-width: 150px) 100vw, 150px\" \/><\/a>\n\t\t\t<\/dt><\/dl><br style=\"clear: both\" \/>\n\t\t<\/div>\n\n<p><strong>Bruna Perazzoli\/O Alto Uruguai<\/strong><\/p>","protected":false},"excerpt":{"rendered":"<p>Foram escolhidas, na noite de s\u00e1bado, 18, no gin\u00e1sio municipal, as soberanas da 17\u00aa edi\u00e7\u00e3o da Oktoberfest, que ser\u00e1 realizada do dia 9 ao dia 11 de outubro, no munic\u00edpio&#8230;<\/p>","protected":false},"author":2,"featured_media":5322,"comment_status":"open","ping_status":"closed","sticky":false,"template":"","format":"standard","meta":{"ngg_post_thumbnail":0,"footnotes":""},"categories":[33,43,35],"tags":[81,1071,86,1099],"class_list":["post-5315","post","type-post","status-publish","format-standard","has-post-thumbnail","hentry","category-noticias","category-regiao","category-variedades","tag-alpestre","tag-oktoberfest","tag-regiao-2","tag-soberanas"],"amp_enabled":true,"_links":{"self":[{"href":"https:\/\/www2.comunitaria.com.br\/en\/wp-json\/wp\/v2\/posts\/5315","targetHints":{"allow":["GET"]}}],"collection":[{"href":"https:\/\/www2.comunitaria.com.br\/en\/wp-json\/wp\/v2\/posts"}],"about":[{"href":"https:\/\/www2.comunitaria.com.br\/en\/wp-json\/wp\/v2\/types\/post"}],"author":[{"embeddable":true,"href":"https:\/\/www2.comunitaria.com.br\/en\/wp-json\/wp\/v2\/users\/2"}],"replies":[{"embeddable":true,"href":"https:\/\/www2.comunitaria.com.br\/en\/wp-json\/wp\/v2\/comments?post=5315"}],"version-history":[{"count":0,"href":"https:\/\/www2.comunitaria.com.br\/en\/wp-json\/wp\/v2\/posts\/5315\/revisions"}],"wp:featuredmedia":[{"embeddable":true,"href":"https:\/\/www2.comunitaria.com.br\/en\/wp-json\/wp\/v2\/media\/5322"}],"wp:attachment":[{"href":"https:\/\/www2.comunitaria.com.br\/en\/wp-json\/wp\/v2\/media?parent=5315"}],"wp:term":[{"taxonomy":"category","embeddable":true,"href":"https:\/\/www2.comunitaria.com.br\/en\/wp-json\/wp\/v2\/categories?post=5315"},{"taxonomy":"post_tag","embeddable":true,"href":"https:\/\/www2.comunitaria.com.br\/en\/wp-json\/wp\/v2\/tags?post=5315"}],"curies":[{"name":"wp","href":"https:\/\/api.w.org\/{rel}","templated":true}]}}