{"id":53118,"date":"2022-04-01T09:53:16","date_gmt":"2022-04-01T11:53:16","guid":{"rendered":"http:\/\/www2.comunitaria.com.br\/?p=53118"},"modified":"2022-04-01T09:53:16","modified_gmt":"2022-04-01T11:53:16","slug":"ranolfo-vieira-assume-como-governador-do-rio-grande-do-sul","status":"publish","type":"post","link":"https:\/\/www2.comunitaria.com.br\/en\/ranolfo-vieira-assume-como-governador-do-rio-grande-do-sul\/","title":{"rendered":"Ranolfo Vieira assume como governador do Rio Grande do Sul"},"content":{"rendered":"<p>&nbsp;Ranolfo Vieira J\u00fanior (PSDB) assumiu oficialmente como o governador do Rio Grande do Sul, em ato na Assembleia Legislativa, na tarde desta quinta-feira. Ele lembrou que ser vice-governador ao lado de Eduardo Leite foi estar em &#8220;uma sala de aula&#8221;. Destacou que, mesmo com 36 anos no servi\u00e7o p\u00fablico, como vice e como secret\u00e1rio, acredita ter sido &#8220;um bom disc\u00edpulo de um jovem mestre&#8221;, em refer\u00eancia a Leite, que tem 38 anos.<br \/>\nAo longo dos 20 minutos de discurso, ele destinou boa parte do tempo para lembrar as a\u00e7\u00f5es do governo, em especial, as medidas relacionadas ao ajuste fiscal, que, segundo ele, \u00e9 o mais facilmente &#8220;desmont\u00e1vel&#8221;. Refor\u00e7ou que a gest\u00e3o &#8216;Eduardo Leite\/Ranolfo Vieira J\u00fanior&#8217; ainda tem nove meses pela frente. &#8220;Ser\u00e1 um tempo de permanente continuidade. Estaremos sempre olhando para al\u00e9m do dia 31 de dezembro de 2022 (quando acaba a gest\u00e3o)&#8221;, enfatizou.<br \/>\nEm seu discurso, fez elogios a Eduardo Leite. E aproveitou para dizer que leva dois tr\u00f3feus dessa rela\u00e7\u00e3o: o da lealdade, com a qual serviu ao governo; e o do conv\u00edvio com um estadista, no caso de Leite. Disse que estar\u00e1 ao lado da Assembleia, no pr\u00e9dio sede do Piratini, e que a proximidade com o Legislativo n\u00e3o seja apenas simb\u00f3lica. &#8220;Quero que continuemos a andar de m\u00e3os dadas&#8221;, enfatizou.<\/p>\n<p>&nbsp;<\/p>","protected":false},"excerpt":{"rendered":"<p>&nbsp;Ranolfo Vieira J\u00fanior (PSDB) assumiu oficialmente como o governador do Rio Grande do Sul, em ato na Assembleia Legislativa, na tarde desta quinta-feira. Ele lembrou que ser vice-governador ao lado de Eduardo Leite foi estar em &#8220;uma sala de aula&#8221;. Destacou que, mesmo com 36 anos no servi\u00e7o p\u00fablico, como vice e como secret\u00e1rio, acredita<\/p>\n<div class=\"read-more-wrapper\"><a class=\"read-more\" href=\"https:\/\/www2.comunitaria.com.br\/en\/ranolfo-vieira-assume-como-governador-do-rio-grande-do-sul\/\" title=\"Read More\"> <span class=\"button\">Read More<\/span><\/a><\/div>","protected":false},"author":2,"featured_media":53120,"comment_status":"open","ping_status":"closed","sticky":false,"template":"","format":"standard","meta":{"ngg_post_thumbnail":0,"footnotes":""},"categories":[46,33,38],"tags":[],"class_list":["post-53118","post","type-post","status-publish","format-standard","has-post-thumbnail","hentry","category-estado","category-noticias","category-politica"],"amp_enabled":true,"_links":{"self":[{"href":"https:\/\/www2.comunitaria.com.br\/en\/wp-json\/wp\/v2\/posts\/53118","targetHints":{"allow":["GET"]}}],"collection":[{"href":"https:\/\/www2.comunitaria.com.br\/en\/wp-json\/wp\/v2\/posts"}],"about":[{"href":"https:\/\/www2.comunitaria.com.br\/en\/wp-json\/wp\/v2\/types\/post"}],"author":[{"embeddable":true,"href":"https:\/\/www2.comunitaria.com.br\/en\/wp-json\/wp\/v2\/users\/2"}],"replies":[{"embeddable":true,"href":"https:\/\/www2.comunitaria.com.br\/en\/wp-json\/wp\/v2\/comments?post=53118"}],"version-history":[{"count":0,"href":"https:\/\/www2.comunitaria.com.br\/en\/wp-json\/wp\/v2\/posts\/53118\/revisions"}],"wp:featuredmedia":[{"embeddable":true,"href":"https:\/\/www2.comunitaria.com.br\/en\/wp-json\/wp\/v2\/media\/53120"}],"wp:attachment":[{"href":"https:\/\/www2.comunitaria.com.br\/en\/wp-json\/wp\/v2\/media?parent=53118"}],"wp:term":[{"taxonomy":"category","embeddable":true,"href":"https:\/\/www2.comunitaria.com.br\/en\/wp-json\/wp\/v2\/categories?post=53118"},{"taxonomy":"post_tag","embeddable":true,"href":"https:\/\/www2.comunitaria.com.br\/en\/wp-json\/wp\/v2\/tags?post=53118"}],"curies":[{"name":"wp","href":"https:\/\/api.w.org\/{rel}","templated":true}]}}