{"id":53087,"date":"2022-03-31T12:22:18","date_gmt":"2022-03-31T14:22:18","guid":{"rendered":"http:\/\/www2.comunitaria.com.br\/?p=53087"},"modified":"2022-03-31T12:22:30","modified_gmt":"2022-03-31T14:22:30","slug":"blog-da-natuza-nery-moro-anuncia-filiacao-ao-uniao-brasil-e-deve-desistir-da-candidatura-a-presidencia","status":"publish","type":"post","link":"https:\/\/www2.comunitaria.com.br\/en\/blog-da-natuza-nery-moro-anuncia-filiacao-ao-uniao-brasil-e-deve-desistir-da-candidatura-a-presidencia\/","title":{"rendered":"Moro anuncia filia\u00e7\u00e3o ao Uni\u00e3o Brasil e deve desistir da candidatura \u00e0 Presid\u00eancia"},"content":{"rendered":"<div class=\"mc-column content-text active-extra-styles\" data-block-type=\"unstyled\" data-block-weight=\"44\" data-block-id=\"2\">\n<p class=\"content-text__container\" data-track-category=\"Link no Texto\" data-track-links=\"\">Pr\u00e9-candidato a presidente da Rep\u00fablica,&nbsp;<a href=\"https:\/\/www.google.com\/search?q=moro+g1&amp;oq=moro+g1&amp;aqs=edge.0.69i59j0i10i433l5j69i60l3.3373j0j4&amp;sourceid=chrome&amp;ie=UTF-8\" target=\"_blank\" rel=\"noopener\">Sergio Moro<\/a>&nbsp;decidiu de \u00faltima hora deixar o Podemos e se filiar ao Uni\u00e3o Brasil. Ele anunciar\u00e1 hoje a decis\u00e3o. A informa\u00e7\u00e3o foi confirmada ao&nbsp;<strong>blog<\/strong>&nbsp;por um integrante do novo partido. O an\u00fancio ocorrer\u00e1 a qualquer momento.<\/p>\n<\/div>\n<div class=\"wall protected-content\">\n<div class=\"mc-column content-text active-extra-styles\" data-block-type=\"unstyled\" data-block-weight=\"43\" data-block-id=\"3\">\n<p class=\"content-text__container\" data-track-category=\"Link no Texto\" data-track-links=\"\">Tomada na noite de quarta-feira (30), a troca pode alterar completamente o destino pol\u00edtico de Moro, uma vez que h\u00e1 enormes chances de o ex-ministro disputar uma vaga para deputado federal. Contudo, o ex-juiz ainda alimenta esperan\u00e7a de ser candidato a presidente.<\/p>\n<\/div>\n<\/div>","protected":false},"excerpt":{"rendered":"<p>Pr\u00e9-candidato a presidente da Rep\u00fablica,&nbsp;Sergio Moro&nbsp;decidiu de \u00faltima hora deixar o Podemos e se filiar ao Uni\u00e3o Brasil. Ele anunciar\u00e1 hoje a decis\u00e3o. A informa\u00e7\u00e3o foi confirmada ao&nbsp;blog&nbsp;por um integrante&#8230;<\/p>","protected":false},"author":2,"featured_media":50592,"comment_status":"open","ping_status":"closed","sticky":false,"template":"","format":"standard","meta":{"ngg_post_thumbnail":0,"footnotes":""},"categories":[33],"tags":[],"class_list":["post-53087","post","type-post","status-publish","format-standard","has-post-thumbnail","hentry","category-noticias"],"amp_enabled":true,"_links":{"self":[{"href":"https:\/\/www2.comunitaria.com.br\/en\/wp-json\/wp\/v2\/posts\/53087","targetHints":{"allow":["GET"]}}],"collection":[{"href":"https:\/\/www2.comunitaria.com.br\/en\/wp-json\/wp\/v2\/posts"}],"about":[{"href":"https:\/\/www2.comunitaria.com.br\/en\/wp-json\/wp\/v2\/types\/post"}],"author":[{"embeddable":true,"href":"https:\/\/www2.comunitaria.com.br\/en\/wp-json\/wp\/v2\/users\/2"}],"replies":[{"embeddable":true,"href":"https:\/\/www2.comunitaria.com.br\/en\/wp-json\/wp\/v2\/comments?post=53087"}],"version-history":[{"count":0,"href":"https:\/\/www2.comunitaria.com.br\/en\/wp-json\/wp\/v2\/posts\/53087\/revisions"}],"wp:featuredmedia":[{"embeddable":true,"href":"https:\/\/www2.comunitaria.com.br\/en\/wp-json\/wp\/v2\/media\/50592"}],"wp:attachment":[{"href":"https:\/\/www2.comunitaria.com.br\/en\/wp-json\/wp\/v2\/media?parent=53087"}],"wp:term":[{"taxonomy":"category","embeddable":true,"href":"https:\/\/www2.comunitaria.com.br\/en\/wp-json\/wp\/v2\/categories?post=53087"},{"taxonomy":"post_tag","embeddable":true,"href":"https:\/\/www2.comunitaria.com.br\/en\/wp-json\/wp\/v2\/tags?post=53087"}],"curies":[{"name":"wp","href":"https:\/\/api.w.org\/{rel}","templated":true}]}}