{"id":53059,"date":"2022-03-29T17:58:46","date_gmt":"2022-03-29T19:58:46","guid":{"rendered":"http:\/\/www2.comunitaria.com.br\/?p=53059"},"modified":"2022-03-29T17:58:46","modified_gmt":"2022-03-29T19:58:46","slug":"diretoria-da-apae-participara-da-tribuna-popular-desta-terca-feira","status":"publish","type":"post","link":"https:\/\/www2.comunitaria.com.br\/en\/diretoria-da-apae-participara-da-tribuna-popular-desta-terca-feira\/","title":{"rendered":"Diretoria da Apae participar\u00e1 da Tribuna Popular desta ter\u00e7a-feira"},"content":{"rendered":"<p>A diretoria da Associa\u00e7\u00e3o dos Pais e Amigos dos Excepcionais (Apae), de Frederico Westphalen, participar\u00e1 da Tribuna Popular desta ter\u00e7a-feira, 29. O espa\u00e7o ocorre durante a Sess\u00e3o Ordin\u00e1ria, a partir das 19 horas, oportunidade que a entidade poder\u00e1 falar de suas a\u00e7\u00f5es alusivas ao anivers\u00e1rio de 40 anos, al\u00e9m de apresentar o trabalho aos vereadores e \u00e0 comunidade, bem como suas reivindica\u00e7\u00f5es.<\/p>\n<p>Na Ordem do Dia, os vereadores ir\u00e3o deliberar sobre tr\u00eas projetos de leis do Executivo Municipal.<\/p>\n<p>Antes, \u00e0s 18h30min, tamb\u00e9m haver\u00e1 Sess\u00e3o Extraordin\u00e1ria, para a vota\u00e7\u00e3o de duas proposi\u00e7\u00f5es. Toda a comunidade estava convidada a participar ou acompanhar, ao vivo, pela p\u00e1gina da C\u00e2mara de FW no Facebook ou no canal da FWTV no YouTube.<\/p>\n<h2>&nbsp;<\/h2>","protected":false},"excerpt":{"rendered":"<p>A diretoria da Associa\u00e7\u00e3o dos Pais e Amigos dos Excepcionais (Apae), de Frederico Westphalen, participar\u00e1 da Tribuna Popular desta ter\u00e7a-feira, 29. O espa\u00e7o ocorre durante a Sess\u00e3o Ordin\u00e1ria, a partir&#8230;<\/p>","protected":false},"author":2,"featured_media":53061,"comment_status":"open","ping_status":"closed","sticky":false,"template":"","format":"standard","meta":{"ngg_post_thumbnail":0,"footnotes":""},"categories":[33],"tags":[],"class_list":["post-53059","post","type-post","status-publish","format-standard","has-post-thumbnail","hentry","category-noticias"],"amp_enabled":true,"_links":{"self":[{"href":"https:\/\/www2.comunitaria.com.br\/en\/wp-json\/wp\/v2\/posts\/53059","targetHints":{"allow":["GET"]}}],"collection":[{"href":"https:\/\/www2.comunitaria.com.br\/en\/wp-json\/wp\/v2\/posts"}],"about":[{"href":"https:\/\/www2.comunitaria.com.br\/en\/wp-json\/wp\/v2\/types\/post"}],"author":[{"embeddable":true,"href":"https:\/\/www2.comunitaria.com.br\/en\/wp-json\/wp\/v2\/users\/2"}],"replies":[{"embeddable":true,"href":"https:\/\/www2.comunitaria.com.br\/en\/wp-json\/wp\/v2\/comments?post=53059"}],"version-history":[{"count":0,"href":"https:\/\/www2.comunitaria.com.br\/en\/wp-json\/wp\/v2\/posts\/53059\/revisions"}],"wp:featuredmedia":[{"embeddable":true,"href":"https:\/\/www2.comunitaria.com.br\/en\/wp-json\/wp\/v2\/media\/53061"}],"wp:attachment":[{"href":"https:\/\/www2.comunitaria.com.br\/en\/wp-json\/wp\/v2\/media?parent=53059"}],"wp:term":[{"taxonomy":"category","embeddable":true,"href":"https:\/\/www2.comunitaria.com.br\/en\/wp-json\/wp\/v2\/categories?post=53059"},{"taxonomy":"post_tag","embeddable":true,"href":"https:\/\/www2.comunitaria.com.br\/en\/wp-json\/wp\/v2\/tags?post=53059"}],"curies":[{"name":"wp","href":"https:\/\/api.w.org\/{rel}","templated":true}]}}