{"id":52977,"date":"2022-03-25T15:31:53","date_gmt":"2022-03-25T17:31:53","guid":{"rendered":"http:\/\/www2.comunitaria.com.br\/?p=52977"},"modified":"2022-03-25T15:31:53","modified_gmt":"2022-03-25T17:31:53","slug":"para-tratar-da-saude-mental-douglas-souza-anuncia-aposentadoria-da-selecao-brasileira-de-volei","status":"publish","type":"post","link":"https:\/\/www2.comunitaria.com.br\/en\/para-tratar-da-saude-mental-douglas-souza-anuncia-aposentadoria-da-selecao-brasileira-de-volei\/","title":{"rendered":"Para tratar da sa\u00fade mental, Douglas Souza anuncia aposentadoria da sele\u00e7\u00e3o brasileira de v\u00f4lei"},"content":{"rendered":"<p>Utilizando suas redes sociais na madrugada desta sexta-feira, o jogador de v\u00f4lei Douglas Souza anunciou a aposentadoria da sele\u00e7\u00e3o brasileira. Em um v\u00eddeo feito em casa, o atleta explicou que a decis\u00e3o partiu da necessidade de cuidar de sua sa\u00fade mental e ficar mais pr\u00f3ximo da fam\u00edlia e amigos. &#8220;Cheguei a ter de tratar de uma depress\u00e3o. Ningu\u00e9m sabia disso at\u00e9 agora&#8221;, revelou o jogador, uma dos destaques do Brasil nos Jogos Ol\u00edmpicos de T\u00f3quio, no ano passado.<\/p>\n<p>HIST\u00d3RICO<br \/>\nCotado para integrar o primeiro elenco do quadro Dan\u00e7a dos Famosos sob o comando do apresentador Luciano Huck, Souza pontuou que estava havia dez anos na equipe principal \u2013 contando com a \u00e9poca como atleta de base em 2011. &#8220;Para mim, sempre foi uma honra, um prest\u00edgio, um orgulho muito grande estar na sele\u00e7\u00e3o. Eu sentia que precisava quebrar barreiras e consegui fazer isso muito bem&#8221;, agradeceu.<br \/>\n&#8220;S\u00f3 que chegou um ponto, em 2016, em que minha mente e meu corpo come\u00e7aram a dar alguns sinais de que precisava dar uma diminu\u00edda no ritmo. Para quem n\u00e3o sabe, quem vive a sele\u00e7\u00e3o, \u00e9 sele\u00e7\u00e3o e clube. A gente n\u00e3o tem f\u00e9rias e \u00e9 muito dif\u00edcil a gente ter um tempo para nossa fam\u00edlia, nossos amigos, que s\u00e3o coisas muito importantes para mim. Depois vi que foi piorando, at\u00e9 que cheguei a ter de tratar de uma depress\u00e3o. Ningu\u00e9m sabia disso at\u00e9 agora, quando estou falando com voc\u00eas&#8221;, admitiu.<\/p>\n<p>CUIDADOS<br \/>\nO atleta refor\u00e7ou ainda a necessidade de cuidar da sa\u00fade mental, como fizeram Simone Biles e Naomi Osaka, atletas ol\u00edmpicas da gin\u00e1stica e do t\u00eanis. &#8220;\u00c9 extremamente importante. Tem de tratar. E infelizmente estando na sele\u00e7\u00e3o era muito dif\u00edcil ter esse tempo&#8221;, ponderou.<br \/>\nDouglas contou ainda que a decis\u00e3o foi tomada h\u00e1 mais de tr\u00eas anos, mas ressaltou que seguir\u00e1 jogando por clubes paulistas.<\/p>","protected":false},"excerpt":{"rendered":"<p>Utilizando suas redes sociais na madrugada desta sexta-feira, o jogador de v\u00f4lei Douglas Souza anunciou a aposentadoria da sele\u00e7\u00e3o brasileira. Em um v\u00eddeo feito em casa, o atleta explicou que&#8230;<\/p>","protected":false},"author":2,"featured_media":52979,"comment_status":"open","ping_status":"closed","sticky":false,"template":"","format":"standard","meta":{"ngg_post_thumbnail":0,"footnotes":""},"categories":[33],"tags":[],"class_list":["post-52977","post","type-post","status-publish","format-standard","has-post-thumbnail","hentry","category-noticias"],"amp_enabled":true,"_links":{"self":[{"href":"https:\/\/www2.comunitaria.com.br\/en\/wp-json\/wp\/v2\/posts\/52977","targetHints":{"allow":["GET"]}}],"collection":[{"href":"https:\/\/www2.comunitaria.com.br\/en\/wp-json\/wp\/v2\/posts"}],"about":[{"href":"https:\/\/www2.comunitaria.com.br\/en\/wp-json\/wp\/v2\/types\/post"}],"author":[{"embeddable":true,"href":"https:\/\/www2.comunitaria.com.br\/en\/wp-json\/wp\/v2\/users\/2"}],"replies":[{"embeddable":true,"href":"https:\/\/www2.comunitaria.com.br\/en\/wp-json\/wp\/v2\/comments?post=52977"}],"version-history":[{"count":0,"href":"https:\/\/www2.comunitaria.com.br\/en\/wp-json\/wp\/v2\/posts\/52977\/revisions"}],"wp:featuredmedia":[{"embeddable":true,"href":"https:\/\/www2.comunitaria.com.br\/en\/wp-json\/wp\/v2\/media\/52979"}],"wp:attachment":[{"href":"https:\/\/www2.comunitaria.com.br\/en\/wp-json\/wp\/v2\/media?parent=52977"}],"wp:term":[{"taxonomy":"category","embeddable":true,"href":"https:\/\/www2.comunitaria.com.br\/en\/wp-json\/wp\/v2\/categories?post=52977"},{"taxonomy":"post_tag","embeddable":true,"href":"https:\/\/www2.comunitaria.com.br\/en\/wp-json\/wp\/v2\/tags?post=52977"}],"curies":[{"name":"wp","href":"https:\/\/api.w.org\/{rel}","templated":true}]}}