{"id":52965,"date":"2022-03-24T15:58:57","date_gmt":"2022-03-24T17:58:57","guid":{"rendered":"http:\/\/www2.comunitaria.com.br\/?p=52965"},"modified":"2022-03-24T15:59:10","modified_gmt":"2022-03-24T17:59:10","slug":"gabriel-souza-e-o-unico-inscrito-para-indicacao-do-mdb-ao-piratini","status":"publish","type":"post","link":"https:\/\/www2.comunitaria.com.br\/en\/gabriel-souza-e-o-unico-inscrito-para-indicacao-do-mdb-ao-piratini\/","title":{"rendered":"Gabriel Souza \u00e9 o \u00fanico inscrito para indica\u00e7\u00e3o do MDB ao Piratini"},"content":{"rendered":"<p>Ap\u00f3s o deputado federal Alceu Moreira retirar o seu nome da disputa interna do MDB para ser o pr\u00e9-candidato ao governo do Estado, o deputado estadual Gabriel Souza foi o \u00fanico a apresentar o requerimento de inscri\u00e7\u00e3o para a indica\u00e7\u00e3o ao cargo nas elei\u00e7\u00f5es deste ano. O per\u00edodo para inscri\u00e7\u00e3o terminou na manh\u00e3 desta quinta-feira. A previs\u00e3o \u00e9 que o diret\u00f3rio confirme a indica\u00e7\u00e3o na reuni\u00e3o do pr\u00f3ximo domingo. A vota\u00e7\u00e3o ocorrer\u00e1 presencialmente, das 9h \u00e0s 11h30min, em reuni\u00e3o do colegiado, em Porto Alegre. O encontro \u00e9 exclusivo para membros do Diret\u00f3rio.<\/p>\n<p>A defini\u00e7\u00e3o do nome ocorre em momento de intensa crise interna do partido. Isso porque a decis\u00e3o do diret\u00f3rio de escolher sozinho, por meio de seus 70 integrantes, o nome do partido para disputar a elei\u00e7\u00e3o, gerou cr\u00edticas. Uma ala de lideran\u00e7a defendia que a escolha se desse de forma mais ampla e tamb\u00e9m que ficasse para abril. A manifesta\u00e7\u00e3o foi apresentada por meio de carta encaminhada \u00e0 executiva na quarta-feira. Poucas horas depois, Alceu divulgou carta, recheada de cr\u00edticas, sobre as movimenta\u00e7\u00f5es internas e externas em rela\u00e7\u00e3o \u00e0 disputa e retirou o seu nome.<\/p>","protected":false},"excerpt":{"rendered":"<p>Ap\u00f3s o deputado federal Alceu Moreira retirar o seu nome da disputa interna do MDB para ser o pr\u00e9-candidato ao governo do Estado, o deputado estadual Gabriel Souza foi o&#8230;<\/p>","protected":false},"author":2,"featured_media":52967,"comment_status":"open","ping_status":"closed","sticky":false,"template":"","format":"standard","meta":{"ngg_post_thumbnail":0,"footnotes":""},"categories":[6173,46,33,38],"tags":[],"class_list":["post-52965","post","type-post","status-publish","format-standard","has-post-thumbnail","hentry","category-eleicoes-2022","category-estado","category-noticias","category-politica"],"amp_enabled":true,"_links":{"self":[{"href":"https:\/\/www2.comunitaria.com.br\/en\/wp-json\/wp\/v2\/posts\/52965","targetHints":{"allow":["GET"]}}],"collection":[{"href":"https:\/\/www2.comunitaria.com.br\/en\/wp-json\/wp\/v2\/posts"}],"about":[{"href":"https:\/\/www2.comunitaria.com.br\/en\/wp-json\/wp\/v2\/types\/post"}],"author":[{"embeddable":true,"href":"https:\/\/www2.comunitaria.com.br\/en\/wp-json\/wp\/v2\/users\/2"}],"replies":[{"embeddable":true,"href":"https:\/\/www2.comunitaria.com.br\/en\/wp-json\/wp\/v2\/comments?post=52965"}],"version-history":[{"count":0,"href":"https:\/\/www2.comunitaria.com.br\/en\/wp-json\/wp\/v2\/posts\/52965\/revisions"}],"wp:featuredmedia":[{"embeddable":true,"href":"https:\/\/www2.comunitaria.com.br\/en\/wp-json\/wp\/v2\/media\/52967"}],"wp:attachment":[{"href":"https:\/\/www2.comunitaria.com.br\/en\/wp-json\/wp\/v2\/media?parent=52965"}],"wp:term":[{"taxonomy":"category","embeddable":true,"href":"https:\/\/www2.comunitaria.com.br\/en\/wp-json\/wp\/v2\/categories?post=52965"},{"taxonomy":"post_tag","embeddable":true,"href":"https:\/\/www2.comunitaria.com.br\/en\/wp-json\/wp\/v2\/tags?post=52965"}],"curies":[{"name":"wp","href":"https:\/\/api.w.org\/{rel}","templated":true}]}}