{"id":52950,"date":"2022-03-24T15:07:31","date_gmt":"2022-03-24T17:07:31","guid":{"rendered":"http:\/\/www2.comunitaria.com.br\/?p=52950"},"modified":"2022-03-24T15:07:31","modified_gmt":"2022-03-24T17:07:31","slug":"agenda-empresarial-da-aefw-promove-capacitacao-de-ferramenta-5s","status":"publish","type":"post","link":"https:\/\/www2.comunitaria.com.br\/en\/agenda-empresarial-da-aefw-promove-capacitacao-de-ferramenta-5s\/","title":{"rendered":"Agenda Empresarial da AEFW promove capacita\u00e7\u00e3o de Ferramenta 5S"},"content":{"rendered":"<p>No dia 29 de mar\u00e7o, a Associa\u00e7\u00e3o Empresarial ACI\/CDL promover\u00e1 o curso de Ferramenta 5S na Gest\u00e3o de Qualidade, ministrado pela Raquel Poloni, que abordar\u00e1 o conhecimento te\u00f3rico sobre a ferramenta 5S, englobando organiza\u00e7\u00e3o, arruma\u00e7\u00e3o, limpeza, manuten\u00e7\u00e3o e disciplina. Tamb\u00e9m, trabalhar\u00e1 como desenvolver o senso cr\u00edtico para implanta\u00e7\u00e3o na pr\u00e1tica, o treinamento na pr\u00e1tica em um ambiente simulado e como desenvolver a autodisciplina para a manuten\u00e7\u00e3o das melhorias.<\/p>\n<p>O curso, que faz parte do projeto da Agenda Empresarial, ser\u00e1 realizado de forma presencial na sede da entidade, no dia 29 de mar\u00e7o, ter\u00e7a-feira, das 19 horas \u00e0s 22 horas. O curso tem investimento de R$219,00 e com desconto para associados da AEFW e ACIS da regi\u00e3o, R$169,00. Para&nbsp; garantir sua vaga, entre em contato com a AEFW atrav\u00e9s do n\u00famero (55) 3744-4244, WhatsApp (55) 9 9910-8841 ou pelo e-mail <a href=\"mailto:comercial@aefw.com.br\">comercial@aefw.com.br<\/a>.<\/p>","protected":false},"excerpt":{"rendered":"<p>No dia 29 de mar\u00e7o, a Associa\u00e7\u00e3o Empresarial ACI\/CDL promover\u00e1 o curso de Ferramenta 5S na Gest\u00e3o de Qualidade, ministrado pela Raquel Poloni, que abordar\u00e1 o conhecimento te\u00f3rico sobre a ferramenta 5S, englobando organiza\u00e7\u00e3o, arruma\u00e7\u00e3o, limpeza, manuten\u00e7\u00e3o e disciplina. Tamb\u00e9m, trabalhar\u00e1 como desenvolver o senso cr\u00edtico para implanta\u00e7\u00e3o na pr\u00e1tica, o treinamento na pr\u00e1tica em<\/p>\n<div class=\"read-more-wrapper\"><a class=\"read-more\" href=\"https:\/\/www2.comunitaria.com.br\/en\/agenda-empresarial-da-aefw-promove-capacitacao-de-ferramenta-5s\/\" title=\"Read More\"> <span class=\"button\">Read More<\/span><\/a><\/div>","protected":false},"author":2,"featured_media":52952,"comment_status":"open","ping_status":"closed","sticky":false,"template":"","format":"standard","meta":{"ngg_post_thumbnail":0,"footnotes":""},"categories":[42,28,33],"tags":[],"class_list":["post-52950","post","type-post","status-publish","format-standard","has-post-thumbnail","hentry","category-fred-west","category-destaque","category-noticias"],"amp_enabled":true,"_links":{"self":[{"href":"https:\/\/www2.comunitaria.com.br\/en\/wp-json\/wp\/v2\/posts\/52950","targetHints":{"allow":["GET"]}}],"collection":[{"href":"https:\/\/www2.comunitaria.com.br\/en\/wp-json\/wp\/v2\/posts"}],"about":[{"href":"https:\/\/www2.comunitaria.com.br\/en\/wp-json\/wp\/v2\/types\/post"}],"author":[{"embeddable":true,"href":"https:\/\/www2.comunitaria.com.br\/en\/wp-json\/wp\/v2\/users\/2"}],"replies":[{"embeddable":true,"href":"https:\/\/www2.comunitaria.com.br\/en\/wp-json\/wp\/v2\/comments?post=52950"}],"version-history":[{"count":0,"href":"https:\/\/www2.comunitaria.com.br\/en\/wp-json\/wp\/v2\/posts\/52950\/revisions"}],"wp:featuredmedia":[{"embeddable":true,"href":"https:\/\/www2.comunitaria.com.br\/en\/wp-json\/wp\/v2\/media\/52952"}],"wp:attachment":[{"href":"https:\/\/www2.comunitaria.com.br\/en\/wp-json\/wp\/v2\/media?parent=52950"}],"wp:term":[{"taxonomy":"category","embeddable":true,"href":"https:\/\/www2.comunitaria.com.br\/en\/wp-json\/wp\/v2\/categories?post=52950"},{"taxonomy":"post_tag","embeddable":true,"href":"https:\/\/www2.comunitaria.com.br\/en\/wp-json\/wp\/v2\/tags?post=52950"}],"curies":[{"name":"wp","href":"https:\/\/api.w.org\/{rel}","templated":true}]}}