{"id":52915,"date":"2022-03-22T15:11:35","date_gmt":"2022-03-22T17:11:35","guid":{"rendered":"http:\/\/www2.comunitaria.com.br\/?p=52915"},"modified":"2022-03-22T15:11:35","modified_gmt":"2022-03-22T17:11:35","slug":"agencia-do-sicredi-de-seberi-rs-alcanca-seis-mil-associados","status":"publish","type":"post","link":"https:\/\/www2.comunitaria.com.br\/en\/agencia-do-sicredi-de-seberi-rs-alcanca-seis-mil-associados\/","title":{"rendered":"Ag\u00eancia do Sicredi de Seberi\/RS alcan\u00e7a seis mil associados"},"content":{"rendered":"<p>A busca constante por associados que possam se favorecer dos benef\u00edcios de participar de uma Cooperativa, faz parte do dia a dia da Sicredi Alto Uruguai RS\/SC\/MG. Este trabalho tem dado resultados, pois a institui\u00e7\u00e3o fechou 2021 com mais de 100 mil associados, se tornando refer\u00eancia no pa\u00eds e este \u00edndice n\u00e3o para de crescer. Contribui para esta evolu\u00e7\u00e3o, a ag\u00eancia de Seberi\/RS, que nesta semana ultrapassou os seis mil associados. Este n\u00famero representa mais de 70% da popula\u00e7\u00e3o economicamente ativa do munic\u00edpio.<\/p>\n<p>O gerente, Claudemir Bazanella, assegura que \u00e9 uma satisfa\u00e7\u00e3o alcan\u00e7ar esta marca de associados na ag\u00eancia. \u201cPara n\u00f3s, \u00e9 motivo de orgulho e entendemos que \u00e9 o resultado do trabalho de toda equipe e da participa\u00e7\u00e3o efetiva dos nossos 14 coordenadores de N\u00facleo, que nos ajudam diariamente a bem atender os associados. Acredito que \u00e9 tamb\u00e9m fruto do bom relacionamento que mantemos, dos programas sociais que a Cooperativa desenvolve, abrangendo p\u00fablicos de todas as idades, das diretrizes que nossa Cooperativa possui, da a\u00e7\u00e3o solid\u00e1ria Juntos Fazemos o Bem, assim como o Fundo de Desenvolvimento Regional, que j\u00e1 apoiou in\u00fameros projetos. Isso tudo gera interesse das pessoas em conhecer mais o cooperativismo e se beneficiar desse sistema t\u00e3o importante na comunidade\u201d, acredita.<\/p>\n<p>Sobre o munic\u00edpio, o gerente afirma que a popula\u00e7\u00e3o \u00e9 participativa, cooperativista, trabalha pelo bem-comum e \u00e9 empreendedora, o que reflete nos bons n\u00fameros da ag\u00eancia. \u201cInclusive, fechamos 2021 com um resultado econ\u00f4mico-financeiro hist\u00f3rico na ag\u00eancia, gra\u00e7as a estas pessoas que confiam no Sicredi. Ent\u00e3o, estas conquistas s\u00e3o m\u00e9ritos de todos que fazem um trabalho cooperativo e solid\u00e1rio\u201d, atribui Bazanella.<\/p>\n<p>O coordenador de N\u00facleo de Seberi, Vilmar Roque Hemielewski, tamb\u00e9m est\u00e1 contente com o alcance de seis associados no seu munic\u00edpio. \u201cEntendo que isso se deve a excelente estrutura f\u00edsica que dispomos, o que gera comodidade e bem-estar aos associados, e tamb\u00e9m ao \u00f3timo atendimento dos colaboradores que, no dia a dia, fazem a diferen\u00e7a, tratando cada pessoa como um ser humano e n\u00e3o apenas um n\u00famero. A forma\u00e7\u00e3o ofertada, atrav\u00e9s dos nossos programas sociais, tamb\u00e9m \u00e9 uma maneira de beneficiar os participantes que gostam e apostam, cada vez mais, no Sicredi\u201d, frisa Hemielewski.<\/p>\n<p>Para comemorar o \u00edndice, a diretoria da Cooperativa, os coordenadores de N\u00facleo do munic\u00edpio, colaboradores e a imprensa e autoridades locais estiveram presentes na ag\u00eancia nesta segunda-feira, 21.<\/p>","protected":false},"excerpt":{"rendered":"<p>A busca constante por associados que possam se favorecer dos benef\u00edcios de participar de uma Cooperativa, faz parte do dia a dia da Sicredi Alto Uruguai RS\/SC\/MG. Este trabalho tem&#8230;<\/p>","protected":false},"author":2,"featured_media":52917,"comment_status":"open","ping_status":"closed","sticky":false,"template":"","format":"standard","meta":{"ngg_post_thumbnail":0,"footnotes":""},"categories":[6174],"tags":[],"class_list":["post-52915","post","type-post","status-publish","format-standard","has-post-thumbnail","hentry","category-sicredi"],"amp_enabled":true,"_links":{"self":[{"href":"https:\/\/www2.comunitaria.com.br\/en\/wp-json\/wp\/v2\/posts\/52915","targetHints":{"allow":["GET"]}}],"collection":[{"href":"https:\/\/www2.comunitaria.com.br\/en\/wp-json\/wp\/v2\/posts"}],"about":[{"href":"https:\/\/www2.comunitaria.com.br\/en\/wp-json\/wp\/v2\/types\/post"}],"author":[{"embeddable":true,"href":"https:\/\/www2.comunitaria.com.br\/en\/wp-json\/wp\/v2\/users\/2"}],"replies":[{"embeddable":true,"href":"https:\/\/www2.comunitaria.com.br\/en\/wp-json\/wp\/v2\/comments?post=52915"}],"version-history":[{"count":0,"href":"https:\/\/www2.comunitaria.com.br\/en\/wp-json\/wp\/v2\/posts\/52915\/revisions"}],"wp:featuredmedia":[{"embeddable":true,"href":"https:\/\/www2.comunitaria.com.br\/en\/wp-json\/wp\/v2\/media\/52917"}],"wp:attachment":[{"href":"https:\/\/www2.comunitaria.com.br\/en\/wp-json\/wp\/v2\/media?parent=52915"}],"wp:term":[{"taxonomy":"category","embeddable":true,"href":"https:\/\/www2.comunitaria.com.br\/en\/wp-json\/wp\/v2\/categories?post=52915"},{"taxonomy":"post_tag","embeddable":true,"href":"https:\/\/www2.comunitaria.com.br\/en\/wp-json\/wp\/v2\/tags?post=52915"}],"curies":[{"name":"wp","href":"https:\/\/api.w.org\/{rel}","templated":true}]}}