{"id":52912,"date":"2022-03-22T15:04:28","date_gmt":"2022-03-22T17:04:28","guid":{"rendered":"http:\/\/www2.comunitaria.com.br\/?p=52912"},"modified":"2022-03-22T15:04:28","modified_gmt":"2022-03-22T17:04:28","slug":"vista-alegre-realizara-mutirao-de-combate-a-dengue","status":"publish","type":"post","link":"https:\/\/www2.comunitaria.com.br\/en\/vista-alegre-realizara-mutirao-de-combate-a-dengue\/","title":{"rendered":"Vista Alegre realizar\u00e1 mutir\u00e3o de combate \u00e0 dengue"},"content":{"rendered":"<p>Nesta ter\u00e7a-feira, 22 de mar\u00e7o, a Administra\u00e7\u00e3o de Vista Alegre, por meio da Secretaria da Sa\u00fade, realiza um mutir\u00e3o de combate \u00e0 dengue.<\/p>\n<p>Liderado pelo setor de combate a endemias, o grupo ser\u00e1 composto por profissionais da Sa\u00fade e de Obras, Via\u00e7\u00e3o e Servi\u00e7os, assim como pessoas da comunidade que queiram participar como volunt\u00e1rias na busca e na elimina\u00e7\u00e3o de poss\u00edveis focos do mosquito transmissor da doen\u00e7a, o Aedes aegypti, em resid\u00eancias e espa\u00e7os p\u00fablicos.<\/p>\n<p>A a\u00e7\u00e3o tem in\u00edcio \u00e0s 13h15, com sa\u00edda em frente a Prefeitura de Vista Alegre. Embora a regi\u00e3o tenha casos confirmados de dengue, o munic\u00edpio n\u00e3o possui nenhum registro at\u00e9 o momento.<\/p>","protected":false},"excerpt":{"rendered":"<p>Nesta ter\u00e7a-feira, 22 de mar\u00e7o, a Administra\u00e7\u00e3o de Vista Alegre, por meio da Secretaria da Sa\u00fade, realiza um mutir\u00e3o de combate \u00e0 dengue. Liderado pelo setor de combate a endemias, o grupo ser\u00e1 composto por profissionais da Sa\u00fade e de Obras, Via\u00e7\u00e3o e Servi\u00e7os, assim como pessoas da comunidade que queiram participar como volunt\u00e1rias na<\/p>\n<div class=\"read-more-wrapper\"><a class=\"read-more\" href=\"https:\/\/www2.comunitaria.com.br\/en\/vista-alegre-realizara-mutirao-de-combate-a-dengue\/\" title=\"Read More\"> <span class=\"button\">Read More<\/span><\/a><\/div>","protected":false},"author":2,"featured_media":52914,"comment_status":"open","ping_status":"closed","sticky":false,"template":"","format":"standard","meta":{"ngg_post_thumbnail":0,"footnotes":""},"categories":[28,33,43,37],"tags":[],"class_list":["post-52912","post","type-post","status-publish","format-standard","has-post-thumbnail","hentry","category-destaque","category-noticias","category-regiao","category-saude"],"amp_enabled":true,"_links":{"self":[{"href":"https:\/\/www2.comunitaria.com.br\/en\/wp-json\/wp\/v2\/posts\/52912","targetHints":{"allow":["GET"]}}],"collection":[{"href":"https:\/\/www2.comunitaria.com.br\/en\/wp-json\/wp\/v2\/posts"}],"about":[{"href":"https:\/\/www2.comunitaria.com.br\/en\/wp-json\/wp\/v2\/types\/post"}],"author":[{"embeddable":true,"href":"https:\/\/www2.comunitaria.com.br\/en\/wp-json\/wp\/v2\/users\/2"}],"replies":[{"embeddable":true,"href":"https:\/\/www2.comunitaria.com.br\/en\/wp-json\/wp\/v2\/comments?post=52912"}],"version-history":[{"count":0,"href":"https:\/\/www2.comunitaria.com.br\/en\/wp-json\/wp\/v2\/posts\/52912\/revisions"}],"wp:featuredmedia":[{"embeddable":true,"href":"https:\/\/www2.comunitaria.com.br\/en\/wp-json\/wp\/v2\/media\/52914"}],"wp:attachment":[{"href":"https:\/\/www2.comunitaria.com.br\/en\/wp-json\/wp\/v2\/media?parent=52912"}],"wp:term":[{"taxonomy":"category","embeddable":true,"href":"https:\/\/www2.comunitaria.com.br\/en\/wp-json\/wp\/v2\/categories?post=52912"},{"taxonomy":"post_tag","embeddable":true,"href":"https:\/\/www2.comunitaria.com.br\/en\/wp-json\/wp\/v2\/tags?post=52912"}],"curies":[{"name":"wp","href":"https:\/\/api.w.org\/{rel}","templated":true}]}}