{"id":52800,"date":"2022-03-15T15:06:48","date_gmt":"2022-03-15T17:06:48","guid":{"rendered":"http:\/\/www2.comunitaria.com.br\/?p=52800"},"modified":"2022-03-15T15:06:48","modified_gmt":"2022-03-15T17:06:48","slug":"ha-10-anos-o-mst-lidera-a-maior-producao-de-arroz-organico-da-america-latina","status":"publish","type":"post","link":"https:\/\/www2.comunitaria.com.br\/en\/ha-10-anos-o-mst-lidera-a-maior-producao-de-arroz-organico-da-america-latina\/","title":{"rendered":"H\u00e1 10 anos o MST lidera a maior produ\u00e7\u00e3o de arroz org\u00e2nico da Am\u00e9rica Latina"},"content":{"rendered":"<p>Nesta sexta-feira, dia 18 de mar\u00e7o, a popular Festa da Colheita do Arroz Agroecol\u00f3gico, celebrada por assentadas e assentados do Movimento dos Trabalhadores e Trabalhadoras Rurais Sem Terra (MST), chega \u00e0 sua 19\u00aa edi\u00e7\u00e3o. O evento presencial ter\u00e1 in\u00edcio \u00e0s 9 horas, na sede da Cooperativa de Produ\u00e7\u00e3o Agropecu\u00e1ria Nova Santa Rita (Coopan), em Nova Santa Rita, na regi\u00e3o Metropolitana de Porto Alegre, no Rio Grande do Sul.<\/p>\n<p>A comemora\u00e7\u00e3o seguir\u00e1 todos os protocolos sanit\u00e1rios de preven\u00e7\u00e3o contra a Covid-19. No evento ter\u00e1 Feira da Reforma Agr\u00e1ria, com representa\u00e7\u00e3o de cooperativas do MST de outros estados; apresenta\u00e7\u00e3o cultural do Grupo Unam\u00e9rica e participa\u00e7\u00e3o de entidades parceiras, populares, sindicais e pol\u00edticas.<\/p>\n<p>\u201cPara n\u00f3s do MST, essa edi\u00e7\u00e3o da Colheita do Arroz Agroecol\u00f3gico tem uma enorme import\u00e2ncia. Queremos celebrar esse momento com a sociedade ga\u00facha e brasileira, pois essa \u00e9 uma constru\u00e7\u00e3o coletiva das cooperativas e das fam\u00edlias assentadas. A nossa produ\u00e7\u00e3o org\u00e2nica \u00e9 uma alternativa, onde a vida das pessoas e o cuidado com a natureza est\u00e3o acima do lucro\u201d, pontua Marildo Mulinari, do setor social organizativo da Cooperativa dos Trabalhadores Assentados da Regi\u00e3o de Porto Alegre (Cootap). O Sem Terra ainda reafirma o compromisso do MST com a luta da classe trabalhadora e a luta pela Reforma Agr\u00e1ria Popular.<\/p>\n<p>De acordo com Instituto Rio Grandense do Arroz (Irga), o MST \u00e9 considerado o maior produtor de arroz org\u00e2nico da Am\u00e9rica Latina, e segue nessa posi\u00e7\u00e3o h\u00e1 mais de 10 anos. Segundo Martielo Webery, do setor de comercializa\u00e7\u00e3o da Cootap, as fam\u00edlias camponesas estimam colher, na safra 2021\/2022, mais de 15 mil toneladas, cerca de 310 mil sacas de 50 kg do produto, em aproximadamente 3.196,23 hectares.<\/p>\n<p>A reconhecida produ\u00e7\u00e3o ga\u00facha do arroz agroecol\u00f3gico do MST \u00e9 coordenada por nove cooperativas conquistadas por meio da luta do movimento pela Reforma Agr\u00e1ria Popular e produ\u00e7\u00e3o de alimentos saud\u00e1veis, livres de veneno.<\/p>\n<p>O cultivo principal \u00e9 de arroz org\u00e2nico nas variedades agulhinha e cateto. Em todo o estado, a produ\u00e7\u00e3o do alimento \u00e9 feita por 296 fam\u00edlias, em 14 assentamentos, que se dividem em 11 munic\u00edpios ga\u00fachos das regi\u00f5es Metropolitana, Sul, Centro Sul e Fronteira Oeste.<\/p>\n<p>Programa\u00e7\u00e3o do dia<\/p>\n<p>9h \u2013 in\u00edcio das M\u00fasicas com o Grupo de Anima\u00e7\u00e3o<\/p>\n<p>9h30 \u2013 M\u00edstica de Abertura<\/p>\n<p>10h15 \u2013 An\u00e1lise da Conjuntura Pol\u00edtica &#8211; Jo\u00e3o Pedro St\u00e9dile, da Dire\u00e7\u00e3o Nacional do MST<\/p>\n<p>10h45 \u2013 Estudo sobre a quest\u00e3o ambiental &#8211; Prof. Dr. Luiz Marques, Unicamp\/SP<\/p>\n<p>11h15 \u2013 Lan\u00e7amento do Livro Mapa do Agrot\u00f3xico &#8211; Leonardo Melgarejo, ABA &#8211; Sul<\/p>\n<p>11h30 &#8211; Falas Institucionais<\/p>\n<p>12h30 \u2013 Almo\u00e7o Coletivo<\/p>\n<p>14h \u2013 Ato Simb\u00f3lico de Colheita na Lavoura<\/p>\n<p>14h30 \u2013 Confraterniza\u00e7\u00e3o<\/p>\n<p>Servi\u00e7o<\/p>\n<p>O qu\u00ea? 19\u00ba Festa da Colheita do Arroz Agroecol\u00f3gico<\/p>\n<p>Quem? Movimento dos Trabalhadores e Trabalhadoras Rurais Sem Terra<\/p>\n<p>Quando? 18 de mar\u00e7o, \u00e0s 9 horas<\/p>\n<p>Onde? Coopan &#8211; R. Cinco de Maio, 02 &#8211; Sanga Funda, Nova Santa Rita &#8211; RS, 92480-000<\/p>\n<p>&nbsp;<\/p>","protected":false},"excerpt":{"rendered":"<p>Nesta sexta-feira, dia 18 de mar\u00e7o, a popular Festa da Colheita do Arroz Agroecol\u00f3gico, celebrada por assentadas e assentados do Movimento dos Trabalhadores e Trabalhadoras Rurais Sem Terra (MST), chega&#8230;<\/p>","protected":false},"author":2,"featured_media":52802,"comment_status":"open","ping_status":"closed","sticky":false,"template":"","format":"standard","meta":{"ngg_post_thumbnail":0,"footnotes":""},"categories":[47,39,33],"tags":[],"class_list":["post-52800","post","type-post","status-publish","format-standard","has-post-thumbnail","hentry","category-brasil","category-economia","category-noticias"],"amp_enabled":true,"_links":{"self":[{"href":"https:\/\/www2.comunitaria.com.br\/en\/wp-json\/wp\/v2\/posts\/52800","targetHints":{"allow":["GET"]}}],"collection":[{"href":"https:\/\/www2.comunitaria.com.br\/en\/wp-json\/wp\/v2\/posts"}],"about":[{"href":"https:\/\/www2.comunitaria.com.br\/en\/wp-json\/wp\/v2\/types\/post"}],"author":[{"embeddable":true,"href":"https:\/\/www2.comunitaria.com.br\/en\/wp-json\/wp\/v2\/users\/2"}],"replies":[{"embeddable":true,"href":"https:\/\/www2.comunitaria.com.br\/en\/wp-json\/wp\/v2\/comments?post=52800"}],"version-history":[{"count":0,"href":"https:\/\/www2.comunitaria.com.br\/en\/wp-json\/wp\/v2\/posts\/52800\/revisions"}],"wp:featuredmedia":[{"embeddable":true,"href":"https:\/\/www2.comunitaria.com.br\/en\/wp-json\/wp\/v2\/media\/52802"}],"wp:attachment":[{"href":"https:\/\/www2.comunitaria.com.br\/en\/wp-json\/wp\/v2\/media?parent=52800"}],"wp:term":[{"taxonomy":"category","embeddable":true,"href":"https:\/\/www2.comunitaria.com.br\/en\/wp-json\/wp\/v2\/categories?post=52800"},{"taxonomy":"post_tag","embeddable":true,"href":"https:\/\/www2.comunitaria.com.br\/en\/wp-json\/wp\/v2\/tags?post=52800"}],"curies":[{"name":"wp","href":"https:\/\/api.w.org\/{rel}","templated":true}]}}