{"id":52764,"date":"2022-03-14T15:50:43","date_gmt":"2022-03-14T17:50:43","guid":{"rendered":"http:\/\/www2.comunitaria.com.br\/?p=52764"},"modified":"2022-03-14T15:50:43","modified_gmt":"2022-03-14T17:50:43","slug":"eduardo-leite-diz-que-mudanca-de-partido-nao-e-confortavel-mas-e-algo-que-eventualmente-se-impoe","status":"publish","type":"post","link":"https:\/\/www2.comunitaria.com.br\/en\/eduardo-leite-diz-que-mudanca-de-partido-nao-e-confortavel-mas-e-algo-que-eventualmente-se-impoe\/","title":{"rendered":"Eduardo Leite diz que mudan\u00e7a de partido n\u00e3o \u00e9 confort\u00e1vel mas \u00e9 algo &#8216;que eventualmente se imp\u00f5e&#8217;"},"content":{"rendered":"<p>Eduardo Leite (PSDB), admitiu nesta segunda-feira a possibilidade de concorrer \u00e0 presid\u00eancia nas elei\u00e7\u00f5es de outubro por outro partido. Ele \u00e9 cotado para se filiar e disputar o pleito pelo PSD.<br \/>\nEm entrevista o tucano comentou sobre uma eventual sa\u00edda do PSDB, partido no qual est\u00e1 filiado desde 2001 e o \u00fanico em sua vida pol\u00edtica, mas reconheceu que pode ser a \u00fanica possibilidade de buscar um projeto nacional.<\/p>\n<p>&#8220;De um lado, isso envolve uma mudan\u00e7a de partido, que \u00e9 algo que n\u00e3o me deixa confort\u00e1vel, mas que eventualmente se imp\u00f5e diante da necessidade de construir uma alternativa para essa elei\u00e7\u00e3o polarizada que est\u00e1 a\u00ed&#8221;, afirmou Leite.<\/p>\n<p>DIFEREN\u00c7AS<br \/>\nO posicionamento vai em linha diferente do que o pr\u00f3prio governador respondia quando questionado sobre concorrer \u00e0 presid\u00eancia desde que perdeu as pr\u00e9vias do PSDB &#8211; governador de S\u00e3o Paulo, Jo\u00e3o Doria venceu a disputa em novembro de 2021.<br \/>\nEm fevereiro deste ano, Leite descartou uma troca de partidos para disputar as elei\u00e7\u00f5es de outubro. &#8220;Eu jamais sairei&#8221;, declarou, em evento interno do PSDB.<br \/>\nNa \u00faltima quarta-feira (9\/3), Rodrigo Pacheco, ent\u00e3o cotado pelo PSD para concorrer \u00e0 presid\u00eancia, anunciou que desistiu da candidatura. Foi quando o nome de Leite ganhou for\u00e7a na sigla de Gilberto Kassab, como adiantou o blog da Andr\u00e9ia Sadi, em fevereiro.<br \/>\nAinda em entrevista \u00e0 R\u00e1dio Ga\u00facha, o tucano disse que uma eventual chapa n\u00e3o depende de vontade pessoal e deve ser constru\u00edda &#8220;em torno de um projeto&#8221; e que &#8220;\u00e9 isso que eu estou conversando com diversas pessoas&#8221;.<br \/>\n&#8220;Eu n\u00e3o quero viver com o sentimento de que eu poderia ter feito algo, mas n\u00e3o fiz. Ent\u00e3o eu vou usar a pista toda que eu tenho pela frente at\u00e9 que eu sinta que a decis\u00e3o se imponha&#8221;, afirmou.<br \/>\nSegundo Leite, nas \u00faltimas semanas ele come\u00e7ou a &#8220;ser provocado a uma mudan\u00e7a de partido para poder viabilizar, talvez, um projeto alternativo a essa polariza\u00e7\u00e3o que est\u00e1 a\u00ed&#8221;, disse, ao se referir ao l\u00edderes das pesquisas para a disputa: Lula (PT) e Jair Bolsonaro (PL)<\/p>","protected":false},"excerpt":{"rendered":"<p>Eduardo Leite (PSDB), admitiu nesta segunda-feira a possibilidade de concorrer \u00e0 presid\u00eancia nas elei\u00e7\u00f5es de outubro por outro partido. Ele \u00e9 cotado para se filiar e disputar o pleito pelo&#8230;<\/p>","protected":false},"author":2,"featured_media":52766,"comment_status":"open","ping_status":"closed","sticky":false,"template":"","format":"standard","meta":{"ngg_post_thumbnail":0,"footnotes":""},"categories":[46,33,38],"tags":[],"class_list":["post-52764","post","type-post","status-publish","format-standard","has-post-thumbnail","hentry","category-estado","category-noticias","category-politica"],"amp_enabled":true,"_links":{"self":[{"href":"https:\/\/www2.comunitaria.com.br\/en\/wp-json\/wp\/v2\/posts\/52764","targetHints":{"allow":["GET"]}}],"collection":[{"href":"https:\/\/www2.comunitaria.com.br\/en\/wp-json\/wp\/v2\/posts"}],"about":[{"href":"https:\/\/www2.comunitaria.com.br\/en\/wp-json\/wp\/v2\/types\/post"}],"author":[{"embeddable":true,"href":"https:\/\/www2.comunitaria.com.br\/en\/wp-json\/wp\/v2\/users\/2"}],"replies":[{"embeddable":true,"href":"https:\/\/www2.comunitaria.com.br\/en\/wp-json\/wp\/v2\/comments?post=52764"}],"version-history":[{"count":0,"href":"https:\/\/www2.comunitaria.com.br\/en\/wp-json\/wp\/v2\/posts\/52764\/revisions"}],"wp:featuredmedia":[{"embeddable":true,"href":"https:\/\/www2.comunitaria.com.br\/en\/wp-json\/wp\/v2\/media\/52766"}],"wp:attachment":[{"href":"https:\/\/www2.comunitaria.com.br\/en\/wp-json\/wp\/v2\/media?parent=52764"}],"wp:term":[{"taxonomy":"category","embeddable":true,"href":"https:\/\/www2.comunitaria.com.br\/en\/wp-json\/wp\/v2\/categories?post=52764"},{"taxonomy":"post_tag","embeddable":true,"href":"https:\/\/www2.comunitaria.com.br\/en\/wp-json\/wp\/v2\/tags?post=52764"}],"curies":[{"name":"wp","href":"https:\/\/api.w.org\/{rel}","templated":true}]}}