{"id":52745,"date":"2022-03-11T16:47:58","date_gmt":"2022-03-11T18:47:58","guid":{"rendered":"http:\/\/www2.comunitaria.com.br\/?p=52745"},"modified":"2022-03-11T16:47:58","modified_gmt":"2022-03-11T18:47:58","slug":"rustica-sao-pedro-das-missoes-recebe-inscricoes","status":"publish","type":"post","link":"https:\/\/www2.comunitaria.com.br\/en\/rustica-sao-pedro-das-missoes-recebe-inscricoes\/","title":{"rendered":"R\u00fastica S\u00e3o Pedro das Miss\u00f5es recebe inscri\u00e7\u00f5es"},"content":{"rendered":"<p dir=\"ltr\">A R\u00fastica S\u00e3o Pedro das Miss\u00f5es est\u00e1 com inscri\u00e7\u00f5es abertas. A prova ser\u00e1 realizada no dia 16 de abril com um percurso de 5km. Os interessados devem se cadastrar gratuitamente pelo site <a href=\"http:\/\/www.sesc-rs.com.br\/esporte\/corridas\" target=\"_blank\" rel=\"noopener\" data-saferedirecturl=\"https:\/\/www.google.com\/url?q=http:\/\/www.sesc-rs.com.br\/esporte\/corridas&amp;source=gmail&amp;ust=1647110781025000&amp;usg=AOvVaw1SaK599to1CHb3NxyC7L2P\">www.sesc-rs.com.br\/esporte\/<wbr>corridas<\/a>, onde tamb\u00e9m est\u00e1 dispon\u00edvel o regulamento. O evento \u00e9 promovido pela Prefeitura Municipal e pelo Sesc Frederico Westphalen. Mais informa\u00e7\u00f5es podem ser obtidas com o Sesc pelo telefone ou WhatsApp (55) 3744-7450.<\/p>\n<p dir=\"ltr\">A largada est\u00e1 marcada para as 9h, da Pra\u00e7a Municipal (Rua 23 de Setembro). O kit atleta pode ser retirado no dia e local da prova a partir das 7h50. Todos recebem uma medalha de participa\u00e7\u00e3o e os primeiros 50 inscritos ganham uma camiseta do evento. O campe\u00e3o e a campe\u00e3 geral recebem um trof\u00e9u e uma premia\u00e7\u00e3o de R$200. O trof\u00e9u tamb\u00e9m ser\u00e1 entregue para os segundos e terceiros colocados do ranking geral. J\u00e1 para os melhores de cada categoria, a premia\u00e7\u00e3o \u00e9 de R$ 50 e para os cinco melhores, medalhas.&nbsp;<\/p>","protected":false},"excerpt":{"rendered":"<p>A R\u00fastica S\u00e3o Pedro das Miss\u00f5es est\u00e1 com inscri\u00e7\u00f5es abertas. A prova ser\u00e1 realizada no dia 16 de abril com um percurso de 5km. Os interessados devem se cadastrar gratuitamente pelo site www.sesc-rs.com.br\/esporte\/corridas, onde tamb\u00e9m est\u00e1 dispon\u00edvel o regulamento. O evento \u00e9 promovido pela Prefeitura Municipal e pelo Sesc Frederico Westphalen. Mais informa\u00e7\u00f5es podem ser<\/p>\n<div class=\"read-more-wrapper\"><a class=\"read-more\" href=\"https:\/\/www2.comunitaria.com.br\/en\/rustica-sao-pedro-das-missoes-recebe-inscricoes\/\" title=\"Read More\"> <span class=\"button\">Read More<\/span><\/a><\/div>","protected":false},"author":2,"featured_media":52747,"comment_status":"open","ping_status":"closed","sticky":false,"template":"","format":"standard","meta":{"ngg_post_thumbnail":0,"footnotes":""},"categories":[33],"tags":[],"class_list":["post-52745","post","type-post","status-publish","format-standard","has-post-thumbnail","hentry","category-noticias"],"amp_enabled":true,"_links":{"self":[{"href":"https:\/\/www2.comunitaria.com.br\/en\/wp-json\/wp\/v2\/posts\/52745","targetHints":{"allow":["GET"]}}],"collection":[{"href":"https:\/\/www2.comunitaria.com.br\/en\/wp-json\/wp\/v2\/posts"}],"about":[{"href":"https:\/\/www2.comunitaria.com.br\/en\/wp-json\/wp\/v2\/types\/post"}],"author":[{"embeddable":true,"href":"https:\/\/www2.comunitaria.com.br\/en\/wp-json\/wp\/v2\/users\/2"}],"replies":[{"embeddable":true,"href":"https:\/\/www2.comunitaria.com.br\/en\/wp-json\/wp\/v2\/comments?post=52745"}],"version-history":[{"count":0,"href":"https:\/\/www2.comunitaria.com.br\/en\/wp-json\/wp\/v2\/posts\/52745\/revisions"}],"wp:featuredmedia":[{"embeddable":true,"href":"https:\/\/www2.comunitaria.com.br\/en\/wp-json\/wp\/v2\/media\/52747"}],"wp:attachment":[{"href":"https:\/\/www2.comunitaria.com.br\/en\/wp-json\/wp\/v2\/media?parent=52745"}],"wp:term":[{"taxonomy":"category","embeddable":true,"href":"https:\/\/www2.comunitaria.com.br\/en\/wp-json\/wp\/v2\/categories?post=52745"},{"taxonomy":"post_tag","embeddable":true,"href":"https:\/\/www2.comunitaria.com.br\/en\/wp-json\/wp\/v2\/tags?post=52745"}],"curies":[{"name":"wp","href":"https:\/\/api.w.org\/{rel}","templated":true}]}}