{"id":52688,"date":"2022-03-09T15:18:23","date_gmt":"2022-03-09T17:18:23","guid":{"rendered":"http:\/\/www2.comunitaria.com.br\/?p=52688"},"modified":"2022-03-09T15:18:23","modified_gmt":"2022-03-09T17:18:23","slug":"edital-extraordinario-para-selecao-de-mestrado-e-doutorado-na-ufsm-inscreve-ate-18-de-marco","status":"publish","type":"post","link":"https:\/\/www2.comunitaria.com.br\/en\/edital-extraordinario-para-selecao-de-mestrado-e-doutorado-na-ufsm-inscreve-ate-18-de-marco\/","title":{"rendered":"Edital extraordin\u00e1rio para sele\u00e7\u00e3o de mestrado e doutorado na UFSM inscreve at\u00e9 18 de mar\u00e7o"},"content":{"rendered":"<p>As coordena\u00e7\u00f5es dos Programas de P\u00f3s-Gradua\u00e7\u00e3o e a Pr\u00f3-Reitoria de P\u00f3s-Gradua\u00e7\u00e3o e Pesquisa (PRPGP) tornam p\u00fablico o Edital Extraordin\u00e1rio N. 004\/2022\/PRPGP\/UFSM, com inscri\u00e7\u00f5es no per\u00edodo de 9 a 18 de mar\u00e7o, at\u00e9 as 12h, para o processo seletivo de p\u00f3s-gradua\u00e7\u00e3o, em n\u00edvel de doutorado e mestrado, para ingresso no primeiro semestre letivo de 2022.<\/p>\n<p>Est\u00e3o sendo ofertadas 89 vagas de doutorado e 214 de mestrado, totalizando 303 vagas. Os editais espec\u00edficos referentes de cada curso de p\u00f3s-gradua\u00e7\u00e3o est\u00e3o publicados nesta mesma p\u00e1gina e separados por n\u00edvel de curso, doutorado e mestrado.<\/p>\n<p>Os cursos de p\u00f3s-gradua\u00e7\u00e3o deste edital t\u00eam suas atividades acad\u00eamicas realizadas de forma presencial, com previs\u00e3o de in\u00edcio para maio de 2022.<\/p>\n<p>D\u00favidas referentes ao edital geral de sele\u00e7\u00e3o podem ser encaminhadas \u00e0 Coordenadoria de P\u00f3s-Gradua\u00e7\u00e3o (CPG) da PRPGP, atrav\u00e9s do e-mail editais.cpg@ufsm.br.<\/p>\n<p>As d\u00favidas e solicita\u00e7\u00f5es de informa\u00e7\u00f5es referentes aos Editais Espec\u00edficos de cada Curso, ao processo de sele\u00e7\u00e3o e a documenta\u00e7\u00e3o a ser enviada, devem ser encaminhadas a cada Programa\/Curso. As formas de contato podem ser obtidas no Anexo 1 do Edital Extraordin\u00e1rio PRPGP\/UFSM N. 004\/2022 e nos pr\u00f3prios editais espec\u00edficos de cada curso.<\/p>","protected":false},"excerpt":{"rendered":"<p>As coordena\u00e7\u00f5es dos Programas de P\u00f3s-Gradua\u00e7\u00e3o e a Pr\u00f3-Reitoria de P\u00f3s-Gradua\u00e7\u00e3o e Pesquisa (PRPGP) tornam p\u00fablico o Edital Extraordin\u00e1rio N. 004\/2022\/PRPGP\/UFSM, com inscri\u00e7\u00f5es no per\u00edodo de 9 a 18 de mar\u00e7o, at\u00e9 as 12h, para o processo seletivo de p\u00f3s-gradua\u00e7\u00e3o, em n\u00edvel de doutorado e mestrado, para ingresso no primeiro semestre letivo de 2022. Est\u00e3o<\/p>\n<div class=\"read-more-wrapper\"><a class=\"read-more\" href=\"https:\/\/www2.comunitaria.com.br\/en\/edital-extraordinario-para-selecao-de-mestrado-e-doutorado-na-ufsm-inscreve-ate-18-de-marco\/\" title=\"Read More\"> <span class=\"button\">Read More<\/span><\/a><\/div>","protected":false},"author":2,"featured_media":47702,"comment_status":"open","ping_status":"closed","sticky":false,"template":"","format":"standard","meta":{"ngg_post_thumbnail":0,"footnotes":""},"categories":[47,44,28],"tags":[],"class_list":["post-52688","post","type-post","status-publish","format-standard","has-post-thumbnail","hentry","category-brasil","category-educacao","category-destaque"],"amp_enabled":true,"_links":{"self":[{"href":"https:\/\/www2.comunitaria.com.br\/en\/wp-json\/wp\/v2\/posts\/52688","targetHints":{"allow":["GET"]}}],"collection":[{"href":"https:\/\/www2.comunitaria.com.br\/en\/wp-json\/wp\/v2\/posts"}],"about":[{"href":"https:\/\/www2.comunitaria.com.br\/en\/wp-json\/wp\/v2\/types\/post"}],"author":[{"embeddable":true,"href":"https:\/\/www2.comunitaria.com.br\/en\/wp-json\/wp\/v2\/users\/2"}],"replies":[{"embeddable":true,"href":"https:\/\/www2.comunitaria.com.br\/en\/wp-json\/wp\/v2\/comments?post=52688"}],"version-history":[{"count":0,"href":"https:\/\/www2.comunitaria.com.br\/en\/wp-json\/wp\/v2\/posts\/52688\/revisions"}],"wp:featuredmedia":[{"embeddable":true,"href":"https:\/\/www2.comunitaria.com.br\/en\/wp-json\/wp\/v2\/media\/47702"}],"wp:attachment":[{"href":"https:\/\/www2.comunitaria.com.br\/en\/wp-json\/wp\/v2\/media?parent=52688"}],"wp:term":[{"taxonomy":"category","embeddable":true,"href":"https:\/\/www2.comunitaria.com.br\/en\/wp-json\/wp\/v2\/categories?post=52688"},{"taxonomy":"post_tag","embeddable":true,"href":"https:\/\/www2.comunitaria.com.br\/en\/wp-json\/wp\/v2\/tags?post=52688"}],"curies":[{"name":"wp","href":"https:\/\/api.w.org\/{rel}","templated":true}]}}