{"id":52674,"date":"2022-03-08T14:55:55","date_gmt":"2022-03-08T16:55:55","guid":{"rendered":"http:\/\/www2.comunitaria.com.br\/?p=52674"},"modified":"2022-03-08T14:55:55","modified_gmt":"2022-03-08T16:55:55","slug":"professor-da-ufsm-e-indicado-para-a-calcada-da-fama-do-agronegocio-na-expodireto-cotrijal","status":"publish","type":"post","link":"https:\/\/www2.comunitaria.com.br\/en\/professor-da-ufsm-e-indicado-para-a-calcada-da-fama-do-agronegocio-na-expodireto-cotrijal\/","title":{"rendered":"Professor da UFSM \u00e9 indicado para a Cal\u00e7ada da Fama do Agroneg\u00f3cio na Expodireto Cotrijal"},"content":{"rendered":"<p>Na manh\u00e3 da segunda feira (7), logo ap\u00f3s a abertura oficial da Expodireto Cotrijal 2022, em N\u00e3o-Me-Toque, ocorreu a solenidade de indica\u00e7\u00e3o da 22\u00aa personalidade que integrar\u00e1 a Cal\u00e7ada da Fama do Agroneg\u00f3cio. O indicado foi o professor da UFSM Telmo Amado, coordenador t\u00e9cnico do Projeto Aquarius e que tem uma longa experi\u00eancia na rela\u00e7\u00e3o universidade-ind\u00fastria e na forma\u00e7\u00e3o e gest\u00e3o de ecossistemas de inova\u00e7\u00e3o.<\/p>\n<p>O Projeto Aquarius, iniciado em 2000, foi decisivo para que N\u00e3o-Me-Toque se tornasse a Capital Nacional da Agricultura de Precis\u00e3o, para o desenvolvimento de m\u00e1quinas precisas na ind\u00fastria, na cria\u00e7\u00e3o de empresas de consultoria especializada em agricultura de precis\u00e3o e para que as cooperativas agr\u00edcolas, a exemplo da Cotrijal (Projeto Ciclus), levassem este tipo de tecnologia avan\u00e7ada at\u00e9 mesmo aos pequenos agricultores, dotados de capacidade de investimento limitada.<\/p>\n<p>Atualmente, o projeto conta com a participa\u00e7\u00e3o da UFSM, Cooperativa Agr\u00edcola Cotrijal, Stara (ind\u00fastria de m\u00e1quinas agr\u00edcolas), Drakkar (empresa de consultoria especializada em agricultura de precis\u00e3o) e OWS (empresa de software). Mant\u00e9m tamb\u00e9m coopera\u00e7\u00e3o t\u00e9cnica com a Universidade de Wageningen (Holanda), Universidade Estadual do Kansas (Estados Unidos) e Instituto Argentino de Tecnologias. A forma\u00e7\u00e3o de quase uma centena de recursos humanos pela UFSM nos diferentes n\u00edveis (gradua\u00e7\u00e3o, mestrado, doutorado e p\u00f3s-doutorado), por meio da participa\u00e7\u00e3o ativa no projeto de pesquisa, foi estrat\u00e9gica para que os resultados alcan\u00e7ados tivessem capilaridade na sociedade.<\/p>\n<p>\u201cA premia\u00e7\u00e3o \u00e9 um reconhecimento individual, mas carrega consigo todo um dedicado trabalho de muitas pessoas e empresas parceiras que juntas constru\u00edram o legado do projeto ao longo de sua trajet\u00f3ria\u201d, avalia o professor Amado, para quem um projeto de pesquisa s\u00f3 se completa quando alcan\u00e7a o seu p\u00fablico-alvo, neste caso, os agricultores.<\/p>\n<p>A Cal\u00e7ada da Fama do Agroneg\u00f3cio iniciou em 2019 e visa, em cada edi\u00e7\u00e3o da Expodireto Cotrijal, reconhecer a contribui\u00e7\u00e3o de lideran\u00e7as pol\u00edticas, administrativas e t\u00e9cnicas do setor p\u00fablico e privado ao agroneg\u00f3cio brasileiro, por meio de uma placa em bronze com o s\u00edmbolo de uma folha, que ficar\u00e1 exposta no Parque de Exposi\u00e7\u00e3o. Na \u00faltima edi\u00e7\u00e3o da Expodireto, em 2020, a personalidade indicada foi o ex-ministro da Agricultura Allyson Paulinelli, que entre outras realiza\u00e7\u00f5es contribuiu para a expans\u00e3o da agricultura no Cerrado brasileiro e a cria\u00e7\u00e3o da Embrapa.<\/p>\n<p>&nbsp;<\/p>","protected":false},"excerpt":{"rendered":"<p>Na manh\u00e3 da segunda feira (7), logo ap\u00f3s a abertura oficial da Expodireto Cotrijal 2022, em N\u00e3o-Me-Toque, ocorreu a solenidade de indica\u00e7\u00e3o da 22\u00aa personalidade que integrar\u00e1 a Cal\u00e7ada da&#8230;<\/p>","protected":false},"author":2,"featured_media":52673,"comment_status":"open","ping_status":"closed","sticky":false,"template":"","format":"standard","meta":{"ngg_post_thumbnail":0,"footnotes":""},"categories":[39,44,33],"tags":[],"class_list":["post-52674","post","type-post","status-publish","format-standard","has-post-thumbnail","hentry","category-economia","category-educacao","category-noticias"],"amp_enabled":true,"_links":{"self":[{"href":"https:\/\/www2.comunitaria.com.br\/en\/wp-json\/wp\/v2\/posts\/52674","targetHints":{"allow":["GET"]}}],"collection":[{"href":"https:\/\/www2.comunitaria.com.br\/en\/wp-json\/wp\/v2\/posts"}],"about":[{"href":"https:\/\/www2.comunitaria.com.br\/en\/wp-json\/wp\/v2\/types\/post"}],"author":[{"embeddable":true,"href":"https:\/\/www2.comunitaria.com.br\/en\/wp-json\/wp\/v2\/users\/2"}],"replies":[{"embeddable":true,"href":"https:\/\/www2.comunitaria.com.br\/en\/wp-json\/wp\/v2\/comments?post=52674"}],"version-history":[{"count":0,"href":"https:\/\/www2.comunitaria.com.br\/en\/wp-json\/wp\/v2\/posts\/52674\/revisions"}],"wp:featuredmedia":[{"embeddable":true,"href":"https:\/\/www2.comunitaria.com.br\/en\/wp-json\/wp\/v2\/media\/52673"}],"wp:attachment":[{"href":"https:\/\/www2.comunitaria.com.br\/en\/wp-json\/wp\/v2\/media?parent=52674"}],"wp:term":[{"taxonomy":"category","embeddable":true,"href":"https:\/\/www2.comunitaria.com.br\/en\/wp-json\/wp\/v2\/categories?post=52674"},{"taxonomy":"post_tag","embeddable":true,"href":"https:\/\/www2.comunitaria.com.br\/en\/wp-json\/wp\/v2\/tags?post=52674"}],"curies":[{"name":"wp","href":"https:\/\/api.w.org\/{rel}","templated":true}]}}