{"id":52641,"date":"2022-03-07T14:32:38","date_gmt":"2022-03-07T16:32:38","guid":{"rendered":"http:\/\/www2.comunitaria.com.br\/?p=52641"},"modified":"2022-03-07T14:32:38","modified_gmt":"2022-03-07T16:32:38","slug":"visita-institucional-e-realizada-por-mazzutti-para-conhecer-atuacao-da-admau","status":"publish","type":"post","link":"https:\/\/www2.comunitaria.com.br\/en\/visita-institucional-e-realizada-por-mazzutti-para-conhecer-atuacao-da-admau\/","title":{"rendered":"Visita institucional \u00e9 realizada por Mazzutti para conhecer atua\u00e7\u00e3o da Admau"},"content":{"rendered":"<p>Com a finalidade de conhecer a atua\u00e7\u00e3o da Ag\u00eancia de Desenvolvimento do M\u00e9dio Alto Uruguai (Admau), o presidente do Poder Legislativo de Frederico Westphalen, Leandro Mazzutti, visitou a sede da entidade, localizada na Rua Presidente Kennedy, no Centro de FW. O encontro ocorreu no \u00faltimo m\u00eas e contou com a participa\u00e7\u00e3o do assessor pessoal de Mazzutti, Joselito Ambrozi.<\/p>\n<p>Fundada em agosto de 2013, a Admau tem como atual presidenta a professora Claudia Cristina Wesendonck e Eliseu Liberalesso como diretor-executivo, dentre outros integrantes que tamb\u00e9m fazem parte da diretoria. A ag\u00eancia atua em 42 munic\u00edpios do M\u00e9dio Alto Uruguai e Rio da V\u00e1rzea, com uma base de servi\u00e7os em consultoria e a\u00e7\u00f5es. Entre os servi\u00e7os que est\u00e3o sendo disponibilizados e que contribuem para o desenvolvimento das agroind\u00fastrias est\u00e1 a Plataforma Alimento de Origem, que busca atender demandas de Rastreabilidade de produtos vegetais, proporcionar a amplia\u00e7\u00e3o de canais de comercializa\u00e7\u00e3o por meio da vitrine de produtos, lojas online e feira virtual e fornecer funcionalidades necess\u00e1rias para a implanta\u00e7\u00e3o do Servi\u00e7o de Inspe\u00e7\u00e3o Municipal (SIM) nos munic\u00edpios, atrav\u00e9s do SIM Digital e a equival\u00eancia, tanto para Estado quanto para federal.&nbsp;<\/p>\n<p>Ap\u00f3s o di\u00e1logo, Mazzutti agradeceu os esclarecimentos e parabenizou a Admau pelo importante trabalho feito em prol do desenvolvimento da regi\u00e3o, principalmente pelas agroind\u00fastrias familiares. Al\u00e9m disso, deixou as portas da C\u00e2mara de Vereadores abertas \u00e0 diretoria da entidade.<\/p>","protected":false},"excerpt":{"rendered":"<p>Com a finalidade de conhecer a atua\u00e7\u00e3o da Ag\u00eancia de Desenvolvimento do M\u00e9dio Alto Uruguai (Admau), o presidente do Poder Legislativo de Frederico Westphalen, Leandro Mazzutti, visitou a sede da entidade, localizada na Rua Presidente Kennedy, no Centro de FW. O encontro ocorreu no \u00faltimo m\u00eas e contou com a participa\u00e7\u00e3o do assessor pessoal de<\/p>\n<div class=\"read-more-wrapper\"><a class=\"read-more\" href=\"https:\/\/www2.comunitaria.com.br\/en\/visita-institucional-e-realizada-por-mazzutti-para-conhecer-atuacao-da-admau\/\" title=\"Read More\"> <span class=\"button\">Read More<\/span><\/a><\/div>","protected":false},"author":2,"featured_media":52643,"comment_status":"open","ping_status":"closed","sticky":false,"template":"","format":"standard","meta":{"ngg_post_thumbnail":0,"footnotes":""},"categories":[42,28],"tags":[],"class_list":["post-52641","post","type-post","status-publish","format-standard","has-post-thumbnail","hentry","category-fred-west","category-destaque"],"amp_enabled":true,"_links":{"self":[{"href":"https:\/\/www2.comunitaria.com.br\/en\/wp-json\/wp\/v2\/posts\/52641","targetHints":{"allow":["GET"]}}],"collection":[{"href":"https:\/\/www2.comunitaria.com.br\/en\/wp-json\/wp\/v2\/posts"}],"about":[{"href":"https:\/\/www2.comunitaria.com.br\/en\/wp-json\/wp\/v2\/types\/post"}],"author":[{"embeddable":true,"href":"https:\/\/www2.comunitaria.com.br\/en\/wp-json\/wp\/v2\/users\/2"}],"replies":[{"embeddable":true,"href":"https:\/\/www2.comunitaria.com.br\/en\/wp-json\/wp\/v2\/comments?post=52641"}],"version-history":[{"count":0,"href":"https:\/\/www2.comunitaria.com.br\/en\/wp-json\/wp\/v2\/posts\/52641\/revisions"}],"wp:featuredmedia":[{"embeddable":true,"href":"https:\/\/www2.comunitaria.com.br\/en\/wp-json\/wp\/v2\/media\/52643"}],"wp:attachment":[{"href":"https:\/\/www2.comunitaria.com.br\/en\/wp-json\/wp\/v2\/media?parent=52641"}],"wp:term":[{"taxonomy":"category","embeddable":true,"href":"https:\/\/www2.comunitaria.com.br\/en\/wp-json\/wp\/v2\/categories?post=52641"},{"taxonomy":"post_tag","embeddable":true,"href":"https:\/\/www2.comunitaria.com.br\/en\/wp-json\/wp\/v2\/tags?post=52641"}],"curies":[{"name":"wp","href":"https:\/\/api.w.org\/{rel}","templated":true}]}}