{"id":52545,"date":"2022-02-25T15:14:33","date_gmt":"2022-02-25T17:14:33","guid":{"rendered":"http:\/\/www2.comunitaria.com.br\/?p=52545"},"modified":"2022-02-25T15:14:33","modified_gmt":"2022-02-25T17:14:33","slug":"seguranca-publica-e-tema-de-dialogo-entre-vereadores-e-o-comandante-do-37o-bpm","status":"publish","type":"post","link":"https:\/\/www2.comunitaria.com.br\/en\/seguranca-publica-e-tema-de-dialogo-entre-vereadores-e-o-comandante-do-37o-bpm\/","title":{"rendered":"Seguran\u00e7a p\u00fablica \u00e9 tema de di\u00e1logo entre vereadores e o comandante do 37\u00ba BPM"},"content":{"rendered":"<p>O tema seguran\u00e7a p\u00fablica tamb\u00e9m esteve presente nos di\u00e1logos do presidente do Poder Legislativo de Frederico Westphalen, Leandro Mazzutti, em suas visitas institucionais. Acompanhado pelo seu assessor pessoal, Joselito Ambrozi, e o segundo-secret\u00e1rio da Mesa Diretora, vereador Raul Pazuch da Silva, o gestor da C\u00e2mara participou de um encontro com o comandante do 37\u00ba Batalh\u00e3o de Pol\u00edcia Militar (BPM), tenente-coronel Carlos Alberto Cardoso de Aguiar J\u00fanior.<\/p>\n<p>Durante a visita, que ocorreu na ter\u00e7a-feira, 22, na sede do 37\u00ba BPM, foram dialogadas sobre v\u00e1rias demandas na \u00e1rea da seguran\u00e7a p\u00fablica, dentre elas, a necessidade de um maior efetivo para FW e regi\u00e3o. \u201cPrecisamos de mais recursos humanos. Essa \u00e9 a nossa principal reivindica\u00e7\u00e3o. Temos viaturas e armas, mas nos faltam policiais. Ent\u00e3o, pedimos esse apoio do presidente da Casa e demais vereadores\u201d, afirmou o comandante.<\/p>\n<p><strong>Programa\u00e7\u00e3o de anivers\u00e1rio do 37\u00ba BPM<\/strong><\/p>\n<p>O tenente-coronel tamb\u00e9m falou sobre o anivers\u00e1rio de 18 anos do 37\u00ba BPM, que ser\u00e1 comemorado em mar\u00e7o, com uma programa\u00e7\u00e3o especial. No dia 11 de mar\u00e7o est\u00e1 previsto um torneio de futebol; no dia 15, participa\u00e7\u00e3o na sess\u00e3o ordin\u00e1ria da C\u00e2mara de Vereadores, com espa\u00e7o para falar sobre a data e as atividades do batalh\u00e3o; no dia 24, tamb\u00e9m est\u00e1 programada a Comenda do 37\u00ba BPM e no m\u00eas de abril, durante a Expofred, a finaliza\u00e7\u00e3o das comemora\u00e7\u00f5es com um encontro de comandantes da Brigada Militar do Estado.<\/p>\n<p><strong>C\u00e2mara \u00e0 disposi\u00e7\u00e3o do 37\u00ba BPM<\/strong><\/p>\n<p>Ao fim do encontro, Mazzutti e Pazuch agradeceram a receptividade do comandante e colocaram a C\u00e2mara de Vereadores sempre \u00e0 disposi\u00e7\u00e3o do 37\u00ba BPM.<\/p>\n<p>&nbsp;<\/p>","protected":false},"excerpt":{"rendered":"<p>O tema seguran\u00e7a p\u00fablica tamb\u00e9m esteve presente nos di\u00e1logos do presidente do Poder Legislativo de Frederico Westphalen, Leandro Mazzutti, em suas visitas institucionais. Acompanhado pelo seu assessor pessoal, Joselito Ambrozi, e o segundo-secret\u00e1rio da Mesa Diretora, vereador Raul Pazuch da Silva, o gestor da C\u00e2mara participou de um encontro com o comandante do 37\u00ba Batalh\u00e3o<\/p>\n<div class=\"read-more-wrapper\"><a class=\"read-more\" href=\"https:\/\/www2.comunitaria.com.br\/en\/seguranca-publica-e-tema-de-dialogo-entre-vereadores-e-o-comandante-do-37o-bpm\/\" title=\"Read More\"> <span class=\"button\">Read More<\/span><\/a><\/div>","protected":false},"author":2,"featured_media":52547,"comment_status":"open","ping_status":"closed","sticky":false,"template":"","format":"standard","meta":{"ngg_post_thumbnail":0,"footnotes":""},"categories":[42,33,38],"tags":[],"class_list":["post-52545","post","type-post","status-publish","format-standard","has-post-thumbnail","hentry","category-fred-west","category-noticias","category-politica"],"amp_enabled":true,"_links":{"self":[{"href":"https:\/\/www2.comunitaria.com.br\/en\/wp-json\/wp\/v2\/posts\/52545","targetHints":{"allow":["GET"]}}],"collection":[{"href":"https:\/\/www2.comunitaria.com.br\/en\/wp-json\/wp\/v2\/posts"}],"about":[{"href":"https:\/\/www2.comunitaria.com.br\/en\/wp-json\/wp\/v2\/types\/post"}],"author":[{"embeddable":true,"href":"https:\/\/www2.comunitaria.com.br\/en\/wp-json\/wp\/v2\/users\/2"}],"replies":[{"embeddable":true,"href":"https:\/\/www2.comunitaria.com.br\/en\/wp-json\/wp\/v2\/comments?post=52545"}],"version-history":[{"count":0,"href":"https:\/\/www2.comunitaria.com.br\/en\/wp-json\/wp\/v2\/posts\/52545\/revisions"}],"wp:featuredmedia":[{"embeddable":true,"href":"https:\/\/www2.comunitaria.com.br\/en\/wp-json\/wp\/v2\/media\/52547"}],"wp:attachment":[{"href":"https:\/\/www2.comunitaria.com.br\/en\/wp-json\/wp\/v2\/media?parent=52545"}],"wp:term":[{"taxonomy":"category","embeddable":true,"href":"https:\/\/www2.comunitaria.com.br\/en\/wp-json\/wp\/v2\/categories?post=52545"},{"taxonomy":"post_tag","embeddable":true,"href":"https:\/\/www2.comunitaria.com.br\/en\/wp-json\/wp\/v2\/tags?post=52545"}],"curies":[{"name":"wp","href":"https:\/\/api.w.org\/{rel}","templated":true}]}}