{"id":52426,"date":"2022-02-21T17:06:37","date_gmt":"2022-02-21T19:06:37","guid":{"rendered":"http:\/\/www2.comunitaria.com.br\/?p=52426"},"modified":"2022-02-21T17:06:37","modified_gmt":"2022-02-21T19:06:37","slug":"a-uniao-faz-a-vida-promove-oficinas-para-iniciar-o-ano-letivo","status":"publish","type":"post","link":"https:\/\/www2.comunitaria.com.br\/en\/a-uniao-faz-a-vida-promove-oficinas-para-iniciar-o-ano-letivo\/","title":{"rendered":"A Uni\u00e3o Faz a Vida promove oficinas para iniciar o ano letivo"},"content":{"rendered":"<p>Com o objetivo principal de construir e vivenciar atitudes e valores de coopera\u00e7\u00e3o e cidadania, o Programa A Uni\u00e3o Faz a Vida (PUFV) neste in\u00edcio de ano letivo, preparou uma programa\u00e7\u00e3o especial aos professores dos munic\u00edpios que integram o programa.<\/p>\n<p>Aos profissionais das cidades que passam a integrar o programa a partir deste ano, as atividades incluem uma habilita\u00e7\u00e3o aos professores, momento que conhecem com plenitude a metodologia, s\u00e3o sensibilizados e mobilizados a olhar a ess\u00eancia do programa.<\/p>\n<p>Nos munic\u00edpios que j\u00e1 desenvolvem o PUFV, est\u00e3o sendo ofertadas oficinas, que coincidem com a forma\u00e7\u00e3o pedag\u00f3gica, que marca o in\u00edcio do ano letivo. No Rio Grande do Sul, Frederico Westphalen e Seberi, se juntam aos outros 11 munic\u00edpios que j\u00e1 integram o programa e, al\u00e9m disso, as cidades de Santa Catarina tamb\u00e9m receberam as sensibiliza\u00e7\u00f5es.<\/p>\n<p>De acordo com a assessora de Programas Sociais, Ana Claudia Selonk Busatto, nestas oportunidades, os educadores olham os direcionamentos pedag\u00f3gicos para o ano, recebem as orienta\u00e7\u00f5es curriculares e as informa\u00e7\u00f5es para que os projetos e as realiza\u00e7\u00f5es do programa integrem este curr\u00edculo, a fim de fazer com que o aprendizado das crian\u00e7as e adolescentes seja ainda mais intensificado.<\/p>\n<p>\u2013 Para 2022, nestas oficinas iniciais estamos dispondoum modelo de jogos cooperativos, para que o docente possa olhar sua atua\u00e7\u00e3o e tamb\u00e9m a dissemina\u00e7\u00e3o desse conte\u00fado em sala de aula. Ainda, proporcionamos uma palestra motivacional, com profissionais da \u00e1rea de Psicologia, com o tema \u201cCuidando de quem cuida\u201d. O intuito, \u00e9 mobilizarmos os professores para a ess\u00eancia do seu trabalho,para a import\u00e2ncia de sua atua\u00e7\u00e3o no desenvolvimento de seres humanos, no olhar e abrang\u00eancia tamb\u00e9m da Base Nacional Comum Curricular (BNCC), pois ela coloca o aluno como protagonista de seu aprendizado \u2013 destaca Ana.<\/p>\n<p>Para a Cooperativa, \u00e9 de extrema import\u00e2ncia manter o v\u00ednculoe a proximidade com este p\u00fablico, pois todos t\u00eam o intuito de proporcionar uma educa\u00e7\u00e3o ainda mais eficiente, mais acolhedora. \u201cNesse sentido, entendemos que \u00e9 relevante estarmos pr\u00f3ximos, apoiando os professores e os munic\u00edpios, porque a nossa sociedade s\u00f3 ir\u00e1 se desenvolver por interm\u00e9dio da educa\u00e7\u00e3o, do apoio e do protagonismo das pessoas que buscam esclarecimento e t\u00eam este desejo genu\u00edno pelo bem\u201d, acredita a assessora.<\/p>\n<p>Uma das participantes da forma\u00e7\u00e3o, foi a assessora educacional da Secretaria de Educa\u00e7\u00e3o de S\u00e3o Carlos, Maria C\u00e9lia Frohlich, que elogia a abordagem da oficina. \u201cA abertura do ano letivo pelo A Uni\u00e3o Faz a Vida foi excepcional, pois n\u00e3o s\u00e3o s\u00f3 teorias, s\u00e3o pr\u00e1ticas poss\u00edveis e com resultado. Trabalhar \u2018fora da caixa\u2019, que \u00e9 um dos grandes objetivos do programa, faz toda a diferen\u00e7a e precisamos ter este olhar para qualificarmos nossas a\u00e7\u00f5es. Al\u00e9m disso, a palestra com o psic\u00f3logo Eduardo Basso foi uma maravilha. Uma oportunidade \u00edmpar, que nos deixou repletos de amor e gratid\u00e3o. Com certeza, nossas conex\u00f5es com o programa foram estabelecidas\u201d, finaliza Maria C\u00e9lia.<\/p>","protected":false},"excerpt":{"rendered":"<p>Com o objetivo principal de construir e vivenciar atitudes e valores de coopera\u00e7\u00e3o e cidadania, o Programa A Uni\u00e3o Faz a Vida (PUFV) neste in\u00edcio de ano letivo, preparou uma&#8230;<\/p>","protected":false},"author":2,"featured_media":52428,"comment_status":"open","ping_status":"closed","sticky":false,"template":"","format":"standard","meta":{"ngg_post_thumbnail":0,"footnotes":""},"categories":[33],"tags":[],"class_list":["post-52426","post","type-post","status-publish","format-standard","has-post-thumbnail","hentry","category-noticias"],"amp_enabled":true,"_links":{"self":[{"href":"https:\/\/www2.comunitaria.com.br\/en\/wp-json\/wp\/v2\/posts\/52426","targetHints":{"allow":["GET"]}}],"collection":[{"href":"https:\/\/www2.comunitaria.com.br\/en\/wp-json\/wp\/v2\/posts"}],"about":[{"href":"https:\/\/www2.comunitaria.com.br\/en\/wp-json\/wp\/v2\/types\/post"}],"author":[{"embeddable":true,"href":"https:\/\/www2.comunitaria.com.br\/en\/wp-json\/wp\/v2\/users\/2"}],"replies":[{"embeddable":true,"href":"https:\/\/www2.comunitaria.com.br\/en\/wp-json\/wp\/v2\/comments?post=52426"}],"version-history":[{"count":0,"href":"https:\/\/www2.comunitaria.com.br\/en\/wp-json\/wp\/v2\/posts\/52426\/revisions"}],"wp:featuredmedia":[{"embeddable":true,"href":"https:\/\/www2.comunitaria.com.br\/en\/wp-json\/wp\/v2\/media\/52428"}],"wp:attachment":[{"href":"https:\/\/www2.comunitaria.com.br\/en\/wp-json\/wp\/v2\/media?parent=52426"}],"wp:term":[{"taxonomy":"category","embeddable":true,"href":"https:\/\/www2.comunitaria.com.br\/en\/wp-json\/wp\/v2\/categories?post=52426"},{"taxonomy":"post_tag","embeddable":true,"href":"https:\/\/www2.comunitaria.com.br\/en\/wp-json\/wp\/v2\/tags?post=52426"}],"curies":[{"name":"wp","href":"https:\/\/api.w.org\/{rel}","templated":true}]}}