{"id":52417,"date":"2022-02-21T16:18:30","date_gmt":"2022-02-21T18:18:30","guid":{"rendered":"http:\/\/www2.comunitaria.com.br\/?p=52417"},"modified":"2022-02-21T16:18:30","modified_gmt":"2022-02-21T18:18:30","slug":"presidente-do-legislativo-conhece-demandas-do-sindicato-rural","status":"publish","type":"post","link":"https:\/\/www2.comunitaria.com.br\/en\/presidente-do-legislativo-conhece-demandas-do-sindicato-rural\/","title":{"rendered":"Presidente do Legislativo conhece demandas do Sindicato Rural"},"content":{"rendered":"<p>Prosseguindo o roteiro de visitas institucionais, iniciado ainda no m\u00eas de janeiro, o presidente do Poder Legislativo de Frederico Westphalen, Leandro Mazzutti, foi conhecer nesta semana o trabalho do Sindicato Rural. Em nova sede desde fevereiro de 2020, a entidade est\u00e1 localizada na rua Monsenhor Vitor Batistella, no bairro Barril.<\/p>\n<p>Mazzutti, acompanhado do seu assessor pessoal, Joselito Ambrozi, foi recepcionado pelo presidente do Sindicato, Danilo Eug\u00eanio Vanzin e o vice-presidente, Luiz Saulo de Pelegrin. Durante o encontro, que ocorreu na ter\u00e7a-feira, 15, a diretoria explicou sobre o funcionamento da entidade, que j\u00e1 existe h\u00e1 aproximadamente 50 anos no munic\u00edpio, mas atende tamb\u00e9m outras 13 cidades da regi\u00e3o. \u201cNosso foco de trabalho \u00e9 a operacionaliza\u00e7\u00e3o de cursos gratuitos do Servi\u00e7o Nacional de Aprendizagem Rural (Senar). Ent\u00e3o, em parceria com as Secretarias de Educa\u00e7\u00e3o e Agricultura dos munic\u00edpios, os Centros de Refer\u00eancia de Assist\u00eancia Social (Cras), cooperativas, dentre outros, conseguimos oferecer esses cursos \u00e0 comunidade rural\u201d, explica Vanzin.<\/p>\n<p>Para a viabiliza\u00e7\u00e3o dos cursos \u00e9 necess\u00e1rio que os munic\u00edpios consigam organizar as turmas, com o m\u00ednimo de participantes exigidos, e auxiliar, se necess\u00e1rio, com os materiais para o desenvolvimento das atividades. \u201cTemos cursos, por exemplo, que somente intermediamos a vinda do instrutor do Senar, j\u00e1 existem alguns, como os de artesanato, que a\u00ed ent\u00e3o h\u00e1 a contrapartida para a aquisi\u00e7\u00e3o das ferramentas para os trabalhos pr\u00e1ticos\u201d, detalha o presidente.<\/p>\n<p>Ao fim do encontro, Mazzutti colocou a C\u00e2mara de Vereadores \u00e0 disposi\u00e7\u00e3o do Sindicato Rural tanto para divulga\u00e7\u00e3o dos cursos, como tamb\u00e9m para apoiar a realiza\u00e7\u00e3o destas capacita\u00e7\u00f5es para os agricultores e filhos de produtores rurais. \u201cOs cursos s\u00e3o gratuitos, ent\u00e3o n\u00e3o podemos perder essa oportunidade de qualificarmos os jovens trabalhadores rurais, que ser\u00e3o o futuro do campo. Seremos parceiros sempre deste trabalho\u201d, afirma Mazzutti.<\/p>\n<p><strong>Agro Fraterno&nbsp;&nbsp;&nbsp;&nbsp;&nbsp;&nbsp;&nbsp;&nbsp;&nbsp;&nbsp;&nbsp;&nbsp;&nbsp;&nbsp; <\/strong><\/p>\n<p>Vanzin tamb\u00e9m comentou sobre a destina\u00e7\u00e3o de cestas de alimentos para fam\u00edlias rurais carentes de Frederico Westphalen, nos \u00faltimos meses, que o Sindicato Rural fez a partir da campanha Agro Fraterno. A iniciativa integra um movimento liderado pela Confedera\u00e7\u00e3o da Agricultura e Pecu\u00e1ria do Brasil (CNA), Senar, Organiza\u00e7\u00e3o das Cooperativas Brasileiras (OCB) e pela entidade do Instituto Pensar Agro (IPA), para auxiliar as fam\u00edlias necessitadas atingidas pela pandemia de Covid-19.<\/p>","protected":false},"excerpt":{"rendered":"<p>Prosseguindo o roteiro de visitas institucionais, iniciado ainda no m\u00eas de janeiro, o presidente do Poder Legislativo de Frederico Westphalen, Leandro Mazzutti, foi conhecer nesta semana o trabalho do Sindicato&#8230;<\/p>","protected":false},"author":2,"featured_media":52419,"comment_status":"open","ping_status":"closed","sticky":false,"template":"","format":"standard","meta":{"ngg_post_thumbnail":0,"footnotes":""},"categories":[42,28,38],"tags":[],"class_list":["post-52417","post","type-post","status-publish","format-standard","has-post-thumbnail","hentry","category-fred-west","category-destaque","category-politica"],"amp_enabled":true,"_links":{"self":[{"href":"https:\/\/www2.comunitaria.com.br\/en\/wp-json\/wp\/v2\/posts\/52417","targetHints":{"allow":["GET"]}}],"collection":[{"href":"https:\/\/www2.comunitaria.com.br\/en\/wp-json\/wp\/v2\/posts"}],"about":[{"href":"https:\/\/www2.comunitaria.com.br\/en\/wp-json\/wp\/v2\/types\/post"}],"author":[{"embeddable":true,"href":"https:\/\/www2.comunitaria.com.br\/en\/wp-json\/wp\/v2\/users\/2"}],"replies":[{"embeddable":true,"href":"https:\/\/www2.comunitaria.com.br\/en\/wp-json\/wp\/v2\/comments?post=52417"}],"version-history":[{"count":0,"href":"https:\/\/www2.comunitaria.com.br\/en\/wp-json\/wp\/v2\/posts\/52417\/revisions"}],"wp:featuredmedia":[{"embeddable":true,"href":"https:\/\/www2.comunitaria.com.br\/en\/wp-json\/wp\/v2\/media\/52419"}],"wp:attachment":[{"href":"https:\/\/www2.comunitaria.com.br\/en\/wp-json\/wp\/v2\/media?parent=52417"}],"wp:term":[{"taxonomy":"category","embeddable":true,"href":"https:\/\/www2.comunitaria.com.br\/en\/wp-json\/wp\/v2\/categories?post=52417"},{"taxonomy":"post_tag","embeddable":true,"href":"https:\/\/www2.comunitaria.com.br\/en\/wp-json\/wp\/v2\/tags?post=52417"}],"curies":[{"name":"wp","href":"https:\/\/api.w.org\/{rel}","templated":true}]}}