{"id":52363,"date":"2022-02-16T15:48:55","date_gmt":"2022-02-16T17:48:55","guid":{"rendered":"http:\/\/www2.comunitaria.com.br\/?p=52363"},"modified":"2022-02-16T15:48:55","modified_gmt":"2022-02-16T17:48:55","slug":"dia-internacional-de-luta-contra-o-cancer-infantil-faz-alerta-sobre-a-importancia-do-diagnostico-precoce","status":"publish","type":"post","link":"https:\/\/www2.comunitaria.com.br\/en\/dia-internacional-de-luta-contra-o-cancer-infantil-faz-alerta-sobre-a-importancia-do-diagnostico-precoce\/","title":{"rendered":"Dia Internacional de Luta contra o C\u00e2ncer Infantil faz alerta sobre a import\u00e2ncia do diagn\u00f3stico precoce"},"content":{"rendered":"<p>O c\u00e2ncer infantil \u00e9 considerado, atualmente, a principal causa de morte por doen\u00e7a entre as crian\u00e7as. Caracterizado pela prolifera\u00e7\u00e3o de c\u00e9lulas anormais no organismo, afeta o sistema sangu\u00edneo e os tecidos de sustenta\u00e7\u00e3o, sendo mais frequentes os tumores que atingem o sistema nervoso central, os linfomas e a leucemia.<\/p>\n<p>Conforme a estimativa do Instituto Nacional de C\u00e2ncer (INCA), entre 2020 e 2022, 8.460 novos casos de c\u00e2ncer infantojuvenil devem ser diagnosticados no Brasil. Apesar dos altos \u00edndices, com o progresso do tratamento, em torno de 80% dos pacientes s\u00e3o curados, quando diagnosticados precocemente.<\/p>\n<p>O Dr. Pablo Santiago, respons\u00e1vel pelo Centro Oncol\u00f3gico Infantojuvenil do Hospital S\u00e3o Vicente de Paulo de Passo Fundo, conta que os sintomas, muitas vezes, podem ser semelhantes aos de outras doen\u00e7as. &#8220;Em linhas gerais, n\u00e3o enumeramos os sintomas, j\u00e1 que s\u00e3o v\u00e1rios. \u00c0s vezes pode ser uma febre que n\u00e3o passa, ou algo mais palp\u00e1vel, como um n\u00f3dulo. Eu costumo dizer que precisamos respeitar o instinto de m\u00e3e e pai, que sabem quando algo n\u00e3o est\u00e1 certo com o filho&#8221;, comenta o oncologista pedi\u00e1trico.<\/p>\n<p>O tratamento do c\u00e2ncer infantil depende da complexidade da doen\u00e7a, mas precisa ser realizado em um centro especializado, pensando na individualidade de cada paciente. De acordo com o diagn\u00f3stico, pode ser recomendado quimioterapia, radioterapia e\/ou cirurgia. Dessa forma, a presen\u00e7a de uma equipe multidisciplinar \u00e9 de extrema import\u00e2ncia para o sucesso do tratamento.<\/p>\n<p><strong>O maior Centro de Tratamento Oncol\u00f3gico Infantojuvenil do interior do Rio Grande do Sul<\/strong><\/p>\n<p>A partir do Programa Avan\u00e7ar na Sa\u00fade, do Governo do Estado, o HSVP de Passo Fundo contar\u00e1 com uma nova unidade de interna\u00e7\u00e3o para tratamento de crian\u00e7as e adolescentes, com 15 leitos para o atendimento especializado. Tamb\u00e9m ser\u00e3o adquiridos com os recursos financeiros novos equipamentos que v\u00e3o qualificar o atendimento no Centro Cir\u00fargico e UTI Pedi\u00e1trica.<\/p>\n<p>Os aparelhos ir\u00e3o proporcionar maior seguran\u00e7a e resolutividade nos atendimentos, com menor tempo de interna\u00e7\u00e3o para os pacientes. &#8220;O HSVP se consolidou como uma refer\u00eancia estadual no tratamento do c\u00e2ncer infantojuvenil. \u00c9 essencial garantirmos aos nossos pacientes e seus familiares uma estrutura de qualidade e uma equipe especializada. Assim conseguimos possibilitar o diagn\u00f3stico precoce, com o tratamento adequado para buscar a cura de uma doen\u00e7a que no passado era incur\u00e1vel mas que, hoje em dia, \u00e9 control\u00e1vel e cur\u00e1vel&#8221;, comenta Dr. Pablo Santiago.<\/p>","protected":false},"excerpt":{"rendered":"<p>O c\u00e2ncer infantil \u00e9 considerado, atualmente, a principal causa de morte por doen\u00e7a entre as crian\u00e7as. Caracterizado pela prolifera\u00e7\u00e3o de c\u00e9lulas anormais no organismo, afeta o sistema sangu\u00edneo e os&#8230;<\/p>","protected":false},"author":2,"featured_media":52365,"comment_status":"open","ping_status":"closed","sticky":false,"template":"","format":"standard","meta":{"ngg_post_thumbnail":0,"footnotes":""},"categories":[33,37],"tags":[],"class_list":["post-52363","post","type-post","status-publish","format-standard","has-post-thumbnail","hentry","category-noticias","category-saude"],"amp_enabled":true,"_links":{"self":[{"href":"https:\/\/www2.comunitaria.com.br\/en\/wp-json\/wp\/v2\/posts\/52363","targetHints":{"allow":["GET"]}}],"collection":[{"href":"https:\/\/www2.comunitaria.com.br\/en\/wp-json\/wp\/v2\/posts"}],"about":[{"href":"https:\/\/www2.comunitaria.com.br\/en\/wp-json\/wp\/v2\/types\/post"}],"author":[{"embeddable":true,"href":"https:\/\/www2.comunitaria.com.br\/en\/wp-json\/wp\/v2\/users\/2"}],"replies":[{"embeddable":true,"href":"https:\/\/www2.comunitaria.com.br\/en\/wp-json\/wp\/v2\/comments?post=52363"}],"version-history":[{"count":0,"href":"https:\/\/www2.comunitaria.com.br\/en\/wp-json\/wp\/v2\/posts\/52363\/revisions"}],"wp:featuredmedia":[{"embeddable":true,"href":"https:\/\/www2.comunitaria.com.br\/en\/wp-json\/wp\/v2\/media\/52365"}],"wp:attachment":[{"href":"https:\/\/www2.comunitaria.com.br\/en\/wp-json\/wp\/v2\/media?parent=52363"}],"wp:term":[{"taxonomy":"category","embeddable":true,"href":"https:\/\/www2.comunitaria.com.br\/en\/wp-json\/wp\/v2\/categories?post=52363"},{"taxonomy":"post_tag","embeddable":true,"href":"https:\/\/www2.comunitaria.com.br\/en\/wp-json\/wp\/v2\/tags?post=52363"}],"curies":[{"name":"wp","href":"https:\/\/api.w.org\/{rel}","templated":true}]}}