{"id":52262,"date":"2022-02-11T16:11:25","date_gmt":"2022-02-11T18:11:25","guid":{"rendered":"http:\/\/www2.comunitaria.com.br\/?p=52262"},"modified":"2022-02-11T16:11:25","modified_gmt":"2022-02-11T18:11:25","slug":"governo-do-estado-do-rs-e-ufsm-assinam-na-proxima-terca-feira-15-termo-de-cooperacao-para-realizar-atividades-de-extensao","status":"publish","type":"post","link":"https:\/\/www2.comunitaria.com.br\/en\/governo-do-estado-do-rs-e-ufsm-assinam-na-proxima-terca-feira-15-termo-de-cooperacao-para-realizar-atividades-de-extensao\/","title":{"rendered":"Governo do Estado do RS e UFSM assinam, na pr\u00f3xima ter\u00e7a-feira (15), termo de coopera\u00e7\u00e3o para realizar atividades de extens\u00e3o"},"content":{"rendered":"<p>Na pr\u00f3xima ter\u00e7a-feira (15), \u00e0s 16 horas, a UFSM, atrav\u00e9s do Observat\u00f3rio de Direitos Humanos (ODH), assina um termo de coopera\u00e7\u00e3o com o Governo do Estado do Rio Grande do Sul, por meio da Secretaria de Justi\u00e7a e Sistemas Penal e Socioeducativo (SJSPS) e da Superintend\u00eancia dos Servi\u00e7os Penitenci\u00e1rios (Susepe). A parceria visa a realiza\u00e7\u00e3o de atividades de extens\u00e3o universit\u00e1ria voltadas ao sistema prisional.<\/p>\n<p>O termo, que ter\u00e1 dura\u00e7\u00e3o de 5 anos, prev\u00ea a integra\u00e7\u00e3o da capacita\u00e7\u00e3o profissional e da forma\u00e7\u00e3o cidad\u00e3. Estas, baseadas em iniciativas educacionais com propostas pedag\u00f3gicas e metodol\u00f3gicas focadas na realidade dos estabelecimentos prisionais.<\/p>\n<p>O evento ser\u00e1 no Sal\u00e3o Imembu\u00ed, no campus sede da UFSM e contar\u00e1 com transmiss\u00e3o online no canal de Youtube da Pr\u00f3-Reitoria de Extens\u00e3o (PRE).<\/p>","protected":false},"excerpt":{"rendered":"<p>Na pr\u00f3xima ter\u00e7a-feira (15), \u00e0s 16 horas, a UFSM, atrav\u00e9s do Observat\u00f3rio de Direitos Humanos (ODH), assina um termo de coopera\u00e7\u00e3o com o Governo do Estado do Rio Grande do&#8230;<\/p>","protected":false},"author":2,"featured_media":41924,"comment_status":"open","ping_status":"closed","sticky":false,"template":"","format":"standard","meta":{"ngg_post_thumbnail":0,"footnotes":""},"categories":[44,33],"tags":[],"class_list":["post-52262","post","type-post","status-publish","format-standard","has-post-thumbnail","hentry","category-educacao","category-noticias"],"amp_enabled":true,"_links":{"self":[{"href":"https:\/\/www2.comunitaria.com.br\/en\/wp-json\/wp\/v2\/posts\/52262","targetHints":{"allow":["GET"]}}],"collection":[{"href":"https:\/\/www2.comunitaria.com.br\/en\/wp-json\/wp\/v2\/posts"}],"about":[{"href":"https:\/\/www2.comunitaria.com.br\/en\/wp-json\/wp\/v2\/types\/post"}],"author":[{"embeddable":true,"href":"https:\/\/www2.comunitaria.com.br\/en\/wp-json\/wp\/v2\/users\/2"}],"replies":[{"embeddable":true,"href":"https:\/\/www2.comunitaria.com.br\/en\/wp-json\/wp\/v2\/comments?post=52262"}],"version-history":[{"count":0,"href":"https:\/\/www2.comunitaria.com.br\/en\/wp-json\/wp\/v2\/posts\/52262\/revisions"}],"wp:featuredmedia":[{"embeddable":true,"href":"https:\/\/www2.comunitaria.com.br\/en\/wp-json\/wp\/v2\/media\/41924"}],"wp:attachment":[{"href":"https:\/\/www2.comunitaria.com.br\/en\/wp-json\/wp\/v2\/media?parent=52262"}],"wp:term":[{"taxonomy":"category","embeddable":true,"href":"https:\/\/www2.comunitaria.com.br\/en\/wp-json\/wp\/v2\/categories?post=52262"},{"taxonomy":"post_tag","embeddable":true,"href":"https:\/\/www2.comunitaria.com.br\/en\/wp-json\/wp\/v2\/tags?post=52262"}],"curies":[{"name":"wp","href":"https:\/\/api.w.org\/{rel}","templated":true}]}}