{"id":52253,"date":"2022-02-11T15:44:16","date_gmt":"2022-02-11T17:44:16","guid":{"rendered":"http:\/\/www2.comunitaria.com.br\/?p=52253"},"modified":"2022-02-11T15:44:16","modified_gmt":"2022-02-11T17:44:16","slug":"vereadores-prestigiam-abertura-do-ano-letivo-em-frederico-westphalen","status":"publish","type":"post","link":"https:\/\/www2.comunitaria.com.br\/en\/vereadores-prestigiam-abertura-do-ano-letivo-em-frederico-westphalen\/","title":{"rendered":"Vereadores prestigiam abertura do ano letivo em Frederico Westphalen"},"content":{"rendered":"<p>Frederico Westphalen iniciou uma nova caminhada na Educa\u00e7\u00e3o nesta quinta-feira, 10, com a abertura oficial do ano letivo de 2022 da rede municipal de ensino. A solenidade ocorreu no sal\u00e3o de atos da URI\/FW e contou com a participa\u00e7\u00e3o do presidente do Legislativo, Leandro Mazzutti, e dos vereadores Jorge Alan Souza e Aline Ferrari Caeran.<\/p>\n<p>Na ocasi\u00e3o, Mazzutti integrou a mesa de autoridades do evento, juntamente com a secret\u00e1ria da Administra\u00e7\u00e3o, Marizete Frozzi; a secret\u00e1ria de Educa\u00e7\u00e3o e Cultura, Rosane Maria Loose; a coordenadora pedag\u00f3gica da educa\u00e7\u00e3o infantil, Liamar Pereira Della M\u00e9a; a coordenadora do ensino fundamental, Jana\u00edne Souza Gazzola e a palestrante do encontro, professora Marl\u00e9a Ramos Alves. Em seu discurso, o presidente da C\u00e2mara de Vereadores falou da import\u00e2ncia da Educa\u00e7\u00e3o como meio transformador da sociedade. \u201cSabemos que pensar em futuro \u00e9 pensar a educa\u00e7\u00e3o no presente, pois as crian\u00e7as e jovens de hoje ser\u00e3o os l\u00edderes do amanh\u00e3. N\u00f3s compartilhamos muito dos ideais de que podemos mudar o mundo por meio da educa\u00e7\u00e3o e que essa transforma\u00e7\u00e3o depende n\u00e3o somente dos professores em sala de aula, mas dos pais e tamb\u00e9m de n\u00f3s, agentes pol\u00edticos, que hoje estamos representando o povo\u201d, destacou.<\/p>\n<p>Mazzutti tamb\u00e9m citou a aprova\u00e7\u00e3o, pela C\u00e2mara de FW, do Projeto de Lei da hora-atividade, que ir\u00e1 qualificar ainda mais a educa\u00e7\u00e3o na rede municipal, com a contrata\u00e7\u00e3o de mais professores. Assim, os educadores ter\u00e3o mais tempo para planejar e corrigir trabalhos dos alunos, realizar reuni\u00f5es pedag\u00f3gicas, participar de forma\u00e7\u00f5es, dentre outras atividades. O presidente ainda desejou a todos os professores, diretores, coordenadores pedag\u00f3gicos, servidores e alunos um excelente e produtivo ano letivo.<\/p>\n<p>Ap\u00f3s os discursos, os vereadores prestigiaram o Encontro de Forma\u00e7\u00e3o, conduzido pela professora Marl\u00e9a, que tamb\u00e9m falou do poder transformador da educa\u00e7\u00e3o por meio do envolvimento, engajamento, conhecimento e o compromisso.<\/p>\n<p>Nesta sexta-feira, 11, Mazzutti tamb\u00e9m ir\u00e1 participar da palestra virtual \u201cAn\u00e1lise das rotinas de trabalho no ambiente escolar \u2013 direitos e deveres dos membros do magist\u00e9rio e demais profissionais da Educa\u00e7\u00e3o\u201d, que ser\u00e1 ministrada pela doutora Amanda Zenato Tronco Diedrich. O evento acontecer\u00e1 no sal\u00e3o de atos da URI\/FW, \u00e0s 8h30min.<\/p>","protected":false},"excerpt":{"rendered":"<p>Frederico Westphalen iniciou uma nova caminhada na Educa\u00e7\u00e3o nesta quinta-feira, 10, com a abertura oficial do ano letivo de 2022 da rede municipal de ensino. A solenidade ocorreu no sal\u00e3o&#8230;<\/p>","protected":false},"author":2,"featured_media":52255,"comment_status":"open","ping_status":"closed","sticky":false,"template":"","format":"standard","meta":{"ngg_post_thumbnail":0,"footnotes":""},"categories":[44,42,33,38],"tags":[],"class_list":["post-52253","post","type-post","status-publish","format-standard","has-post-thumbnail","hentry","category-educacao","category-fred-west","category-noticias","category-politica"],"amp_enabled":true,"_links":{"self":[{"href":"https:\/\/www2.comunitaria.com.br\/en\/wp-json\/wp\/v2\/posts\/52253","targetHints":{"allow":["GET"]}}],"collection":[{"href":"https:\/\/www2.comunitaria.com.br\/en\/wp-json\/wp\/v2\/posts"}],"about":[{"href":"https:\/\/www2.comunitaria.com.br\/en\/wp-json\/wp\/v2\/types\/post"}],"author":[{"embeddable":true,"href":"https:\/\/www2.comunitaria.com.br\/en\/wp-json\/wp\/v2\/users\/2"}],"replies":[{"embeddable":true,"href":"https:\/\/www2.comunitaria.com.br\/en\/wp-json\/wp\/v2\/comments?post=52253"}],"version-history":[{"count":0,"href":"https:\/\/www2.comunitaria.com.br\/en\/wp-json\/wp\/v2\/posts\/52253\/revisions"}],"wp:featuredmedia":[{"embeddable":true,"href":"https:\/\/www2.comunitaria.com.br\/en\/wp-json\/wp\/v2\/media\/52255"}],"wp:attachment":[{"href":"https:\/\/www2.comunitaria.com.br\/en\/wp-json\/wp\/v2\/media?parent=52253"}],"wp:term":[{"taxonomy":"category","embeddable":true,"href":"https:\/\/www2.comunitaria.com.br\/en\/wp-json\/wp\/v2\/categories?post=52253"},{"taxonomy":"post_tag","embeddable":true,"href":"https:\/\/www2.comunitaria.com.br\/en\/wp-json\/wp\/v2\/tags?post=52253"}],"curies":[{"name":"wp","href":"https:\/\/api.w.org\/{rel}","templated":true}]}}