{"id":51855,"date":"2022-01-14T16:34:47","date_gmt":"2022-01-14T18:34:47","guid":{"rendered":"http:\/\/www2.comunitaria.com.br\/?p=51855"},"modified":"2022-01-14T16:34:47","modified_gmt":"2022-01-14T18:34:47","slug":"direito-de-resposta-defesa-de-claudir-zuchi-rebate-acusacoes-de-bispo-de-fw","status":"publish","type":"post","link":"https:\/\/www2.comunitaria.com.br\/en\/direito-de-resposta-defesa-de-claudir-zuchi-rebate-acusacoes-de-bispo-de-fw\/","title":{"rendered":"Direito de resposta: defesa de Claudir Zuchi rebate acusa\u00e7\u00f5es de Bispo de FW"},"content":{"rendered":"<p>Depois de <a href=\"http:\/\/www2.comunitaria.com.br\/en\/reportagem-do-the-intercept-afirma-que-bispo-de-fw-e-denunciado-por-estupro-de-vulneravel\/\" target=\"_blank\" rel=\"noopener noreferrer\">den\u00fancias realizadas pelo Portal The Intercept Brasil sobre abusos sexuais supostamente cometidos pelo Bispo de Frederico Wesphalen, Antonio Keller<\/a>, e de uma nota escrita pelo religioso&nbsp; divulgada por meios de comunica\u00e7\u00e3o, na qual refuta as acusa\u00e7\u00f5es,&nbsp; a defesa de Claudir Zuchi, ex-padre que denunciou Keller, se pronunciou tamb\u00e9m por nota.&nbsp;<\/p>\n<p>A defesa entende que, em seu relato escrito, o Bispo Keller acusa Zuchi com insultos&nbsp; como mentiroso e caluniador. Assim como fez desde as revela\u00e7\u00f5es desde caso, a R\u00e1dio Comunit\u00e1ria abre espa\u00e7o para as manifesta\u00e7\u00f5es de ambas as partes. Confira a nota da defesa de Claudir Zuchi:&nbsp;<\/p>\n<blockquote>\n<p style=\"text-align: justify;\">Eu, Claudir Miguel Zuchi, venho por meio da presente prestar esclarecimentos a respeito de not\u00edcia veiculada na Folha do Noroeste, em publica\u00e7\u00e3o do dia 20 de dezembro de 2021, onde o Sr. Ant\u00f4nio Carlos Rossi Keller fez acusa\u00e7\u00f5es dirigidas a minha pessoa, tais como de caluniador, mentiroso, hiena e lobo voraz, entre outras.<\/p>\n<p style=\"text-align: justify;\">No referido peri\u00f3dico Ant\u00f4nio Carlos Rossi Keller afirmou que foi absolvido das acusa\u00e7\u00f5es de abuso sexual na esfera Eclesi\u00e1stica e na Justi\u00e7a Comum, bem como que eu fui expulso da Igreja Cat\u00f3lica e que ingressei com a\u00e7\u00e3o trabalhista contra a Igreja.<\/p>\n<p style=\"text-align: justify;\">Tais afirmativas e acusa\u00e7\u00f5es n\u00e3o s\u00e3o verdadeiras, pois n\u00e3o sou mentiroso, n\u00e3o sou caluniador, n\u00e3o sou, por \u00f3bvio, uma hiena ou um lobo voraz, tampouco fui comunicado da expuls\u00e3o e nunca ingressei com a\u00e7\u00e3o trabalhista contra a Igreja Cat\u00f3lica, o que traduz a mais absoluta inverdade.<\/p>\n<p style=\"text-align: justify;\">Da mesma forma, o bispo Ant\u00f4nio Carlos n\u00e3o foi absolvido na Justi\u00e7a Comum, sendo que os processos seguem em curso, notadamente o processo de Estupro de Vulner\u00e1vel, que parte do conte\u00fado veio a p\u00fablico recentemente. Neste processo Ant\u00f4nio Carlos tamb\u00e9m foi denunciado por Coa\u00e7\u00e3o no Curso do Processo, por ter praticado persegui\u00e7\u00e3o, amea\u00e7a e viol\u00eancia ao menos psicol\u00f3gica contra minha pessoa.<\/p>\n<p style=\"text-align: justify;\">O bispo Ant\u00f4nio Carlos, ainda afirmou que foi absolvido na esfera eclesi\u00e1sticas, mas n\u00e3o fez prova alguma nesse sentido, embora tenha usado tal afirma\u00e7\u00e3o para tentar desmerecer minha imagem, ali\u00e1s, seria imperioso que permitisse o acesso a esta suposta absolvi\u00e7\u00e3o para que o contradit\u00f3rio fosse implementado.<\/p>\n<p style=\"text-align: justify;\">A minha suspens\u00e3o e, poss\u00edvel expuls\u00e3o, foi justificada pela pr\u00e1tica de suposta desobedi\u00eancia ao Bispo e a seus sucessores em proveito de eventuais interesses pessoais, justificativa feita por Ant\u00f4nio Carlos, mas que n\u00e3o foi provada. Ali\u00e1s, n\u00e3o tive o direito ao devido processo legal can\u00f4nico dentro da inst\u00e2ncia eclesi\u00e1stica, sendo eu sequer tive conhecimento das devidas acusa\u00e7\u00f5es, pois n\u00e3o me foi franqueado acesso aos atos do processo e do seu conte\u00fado, inclusive de eventual decis\u00e3o desfavor\u00e1vel, embora o bispo propague na m\u00eddia que fui expulso.<\/p>\n<p style=\"text-align: justify;\">Todavia, esclare\u00e7o que a suspens\u00e3o e talvez a expuls\u00e3o, ocorreram de modo indevido, il\u00edcito, abusivo e sem o devido processo legal, bem como sem o apontamento de qualquer fato capaz de lhe dar sustenta\u00e7\u00e3o, mas sobretudo sem a possibilidade de efetiva defesa.<\/p>\n<p style=\"text-align: justify;\">A verdade \u00e9 que o Bispo agiu em ato de repres\u00e1lia e vingan\u00e7a contra minha pessoa, valendo-se de sua posi\u00e7\u00e3o de autoridade eclesi\u00e1stica para me impor uma forma de coa\u00e7\u00e3o pelo fato de eu ter assinado, juntamente com outras pessoas, den\u00fancia contra ele junto \u00e0 Igreja Cat\u00f3lica e o Minist\u00e9rio P\u00fablico Estadual.<\/p>\n<p style=\"text-align: justify;\">A den\u00fancia foi baseada em fatos que vieram ao conhecimento dos denunciantes por v\u00edtimas declaradas e fatos ocorridos na Diocese, fatos que deveriam e devem ser apurados. As atitudes narradas s\u00e3o, ao menos em tese, incompat\u00edveis com a atividade eclesi\u00e1stica e a lei.<\/p>\n<p style=\"text-align: justify;\">Os fatos narrados compreendem atos de suposto abuso sexual contra menores, conduta question\u00e1vel na gest\u00e3o financeira da Diocese, toler\u00e2ncia e omiss\u00e3o em face de infra\u00e7\u00f5es praticados contra a Diocese e contra menores, poss\u00edvel abuso de poder, poss\u00edvel persegui\u00e7\u00e3o a padres e pessoas que n\u00e3o compactuam com a postura e os atos do bispo, entre outras situa\u00e7\u00f5es.<\/p>\n<p style=\"text-align: justify;\">No que toca ao delito de abuso sexual, Ant\u00f4nio Carlos Rossi Keller jamais negou a pr\u00e1tica de tal ato, o que por si s\u00f3 chama muito a aten\u00e7\u00e3o, pois se n\u00e3o cometeu tal delito ou pr\u00e1tica sexual il\u00edcita, como a v\u00edtima declara, teria de imediato negado o cometimento de tal ato il\u00edcito na primeira oportunidade que teve de se manifestar na investiga\u00e7\u00e3o, e n\u00e3o teria ficado em sil\u00eancio.<\/p>\n<p style=\"text-align: justify;\">A minha postura de assinar a den\u00fancia vem ao encontro da atual posi\u00e7\u00e3o da Igreja Cat\u00f3lica, que foi priorizada e divulgada pelo Papa Francisco, ou seja, de evitar abusos sexuais e de poder dentro da Igreja, punindo aqueles que assim agem e reparando as v\u00edtimas. Neste contexto, cito o <em>Motu Proprio &#8211; <\/em><strong><em>Vos estis lux mundi, <\/em><\/strong>legisla\u00e7\u00e3o publicada pelo Papa para combater e punir atos de viol\u00eancia sexual e abuso de poder de religiosos.<\/p>\n<p style=\"text-align: justify;\">O bispo passou a usar seu poder e atentar contra mim, retirando minha atua\u00e7\u00e3o, suprimindo minha c\u00f4ngrua, o pagamento do INSS e plano de sa\u00fade estabelecidos pela Legisla\u00e7\u00e3o Can\u00f4nica, bem como passou a propagar inverdades contra minha pessoa, como \u00e9 o caso da publica\u00e7\u00e3o objeto da presente carta de esclarecimento. Estou sendo massacrado com atos ilegais perpetuados contra mim pelo bispo, o que ocorreu pelo fato de ter agido como pessoa do bem que busca o cumprimento da lei.<\/p>\n<p style=\"text-align: justify;\">Jamais caluniei Ant\u00f4nio Carlos Rossi Keller e o desafio a provar que sou mentiroso, pois as provas e elementos que nos foram enviadas, al\u00e9m do depoimento das suas v\u00edtimas, inclusive trazidos em documentos, demonstram consistentemente a pr\u00e1tica, ao menos em tese, de delitos, tanto que o pr\u00f3prio Minist\u00e9rio P\u00fablico fez den\u00fancia muito substancial a respeito dos fatos e o processo est\u00e1 seguindo seu curso normal sem qualquer tipo de absolvi\u00e7\u00e3o, mas sobretudo com o sil\u00eancio do bispo, que n\u00e3o nega os fatos.<\/p>\n<p style=\"text-align: justify;\">Sendo assim, aqui fa\u00e7o minha defesa e respostas \u00e0s malfadadas alega\u00e7\u00f5es e acusa\u00e7\u00f5es perpetradas por Ant\u00f4nio Carlos Rossi Keller, j\u00e1 que n\u00e3o pude faz\u00ea-la nas inst\u00e2ncias eclesi\u00e1sticas, pois Ant\u00f4nio Carlos n\u00e3o permitiu e ainda usou de seu poder para me atacar e me punir por ter agido como padre devoto, cidad\u00e3o de bem e contr\u00e1rio a abuso de poder e abuso sexual dentro da Igreja Cat\u00f3lica.<\/p>\n<p style=\"text-align: justify;\">Aguardo a conclus\u00e3o dos processos, para que se fa\u00e7a justi\u00e7a pois as den\u00fancias custaram \u00e0 minha pessoa muito mais do que os valores financeiros suprimidos, custaram meu of\u00edcio, minhas cren\u00e7as, minha sa\u00fade psicol\u00f3gica, bens imateriais incalcul\u00e1veis e que jamais poder\u00e3o ser ressarcidos.<\/p>\n<p style=\"text-align: justify;\">&nbsp;&nbsp;&nbsp;&nbsp;&nbsp;&nbsp;&nbsp;&nbsp; Desta forma, refuto com veem\u00eancia a acusa\u00e7\u00e3o de ser caluniador, mentiroso, hiena e\/ou lobo voraz. Fui e sou a voz de v\u00edtimas, que buscaram o amparo de pessoas de bem para repudiar e punir o mal que sofreram, apenas atuei no exerc\u00edcio regular de um dever c\u00edvico e eclesi\u00e1stico, tendo cumprido meu papel de cidad\u00e3o e denunciado os fatos que chegaram ao meu conhecimento, pois o sil\u00eancio diante de atrocidades contra menores n\u00e3o mais pode imperar em nossa sociedade, mas principalmente em nossa Igreja e na Diocese de Frederico Westphalen.<\/p>\n<\/blockquote>\n<p>&nbsp;<\/p>\n<h4><strong>Confira tamb\u00e9m a nota do Bispo de Frederico Westphalen, Antonio Keller, divulgada no dia 20 de dezembro de 2021:<\/strong>&nbsp;<\/h4>\n<blockquote>\n<p style=\"text-align: justify;\">Diante das inver\u00eddicas not\u00edcias vinculadas por algumas pessoas e por alguns \u00f3rg\u00e3os de informa\u00e7\u00e3o, interessados em semear esc\u00e2ndalos, cal\u00fanias e difama\u00e7\u00f5es contra minha pessoa, venho a p\u00fablico esclarecer o que se segue.<\/p>\n<p style=\"text-align: justify;\">H\u00e1 cerca de tr\u00eas anos tive conhecimento de que um grupo de sete padres diocesanos e um reduzido grupo de leigos, apresentaram \u00e0 Nunciatura Apost\u00f3lica den\u00fancias graves contra a minha pessoa, envolvendo acusa\u00e7\u00f5es de abuso de menores, mau gerenciamento econ\u00f4mico, incapacidade pastoral e outros itens.<\/p>\n<p style=\"text-align: justify;\">Da mesma forma, o referido grupo apresentou queixa-crime ao Minist\u00e9rio P\u00fablico de Porto Alegre, com as mesmas graves acusa\u00e7\u00f5es. Imediatamente o Minist\u00e9rio P\u00fablico abriu uma investiga\u00e7\u00e3o para a averigua\u00e7\u00e3o dos fatos.<\/p>\n<p style=\"text-align: justify;\">No \u00e2mbito eclesi\u00e1stico, foi efetuada uma investiga\u00e7\u00e3o pr\u00e9via, em que foram ouvidas dezenas de testemunhas. A investiga\u00e7\u00e3o, sob a responsabilidade da Nunciatura Apost\u00f3lica, foi encaminhada para a Congrega\u00e7\u00e3o para a Doutrina da F\u00e9, conforme a legisla\u00e7\u00e3o can\u00f4nica em vigor. Como hoje \u00e9 praxe, frente \u00e0 enorme press\u00e3o social em rela\u00e7\u00e3o a este tema, foi aberto um Processo can\u00f4nico Penal por via Administrativa em meu desfavor. &nbsp;<\/p>\n<p style=\"text-align: justify;\">A Congrega\u00e7\u00e3o para a Doutrina da F\u00e9, como \u00e9 previsto, indicou um Juiz e dois Assessores can\u00f4nicos para a instru\u00e7\u00e3o do Processo Penal por via Administrativa. Ap\u00f3s as audi\u00eancias, que arrolaram dezenas de pessoas: sacerdotes, seminaristas, leigos, religiosos, com data de 5 de maio de 2019, recebi o Decreto assinado pelo Exmo. e Revmo. Sr. Juiz Eclesi\u00e1stico, nomeado pela Congrega\u00e7\u00e3o para a Doutrina da F\u00e9 de Roma, a senten\u00e7a final do Processo, sendo a de absoluta absolvi\u00e7\u00e3o.<\/p>\n<p style=\"text-align: justify;\">Alguns meses ap\u00f3s encerrado o Processo can\u00f4nico com a minha cabal absolvi\u00e7\u00e3o, a Congrega\u00e7\u00e3o para os Bispos de Roma determinou uma \u201cVisita Fraterna\u201d para a averigua\u00e7\u00e3o das demais den\u00fancias em meu desfavor, tendo sido nomeado um Visitador e um Not\u00e1rio. O Visitador efetuou uma completa verifica\u00e7\u00e3o da economia da Diocese, da reputa\u00e7\u00e3o do bispo diocesano junto \u00e0s Par\u00f3quias e junto aos fi\u00e9is da Diocese, bem como se entrevistou com todos os padres da Diocese, incluindo aqueles que apresentaram as den\u00fancias. Segundo fontes seguras que n\u00e3o posso citar, o resultado da Visita, que n\u00e3o \u00e9 dado ao conhecimento nem do bispo investigado nem de quem apresentou as den\u00fancias, n\u00e3o s\u00f3 n\u00e3o encontrou nenhuma categoria de problema diante das acusa\u00e7\u00f5es apresentadas, mas constatou a absoluta normalidade da vida diocesana, dando algumas indica\u00e7\u00f5es pr\u00e1ticas de melhorias para a mesma. Da mesma forma, nada foi constatado de conden\u00e1vel no que se refere \u00e0 moral e aos costumes do bispo diocesano. Todos sabem que estas visitas, no caso de se encontrar algum problema s\u00e9rio, resultam, entre outras possibilidades, na imediata necess\u00e1ria ren\u00fancia e na substitui\u00e7\u00e3o do bispo investigado.<\/p>\n<p style=\"text-align: justify;\">Cabe dizer que dos sete sacerdotes envolvidos neste triste epis\u00f3dio, quatro retrataram-se das acusa\u00e7\u00f5es, afirmando terem sido pressionados em assinar o documento de acusa\u00e7\u00e3o contra o bispo diocesano. Outros tr\u00eas, com alguns destes leigos que me acusaram, continuam at\u00e9 o presente a tentar conspurcar a vida e o minist\u00e9rio do bispo diocesano, bem como a vida de toda a Diocese, levando estas acusa\u00e7\u00f5es \u00e0s redes sociais, buscando dar-lhes visibilidade. Um desses senhores, hoje j\u00e1 n\u00e3o mais sacerdote, h\u00e1 meses tenta tamb\u00e9m obter indeniza\u00e7\u00f5es trabalhistas e outros pseudodireitos, na Justi\u00e7a criminal e c\u00edvel, todos eles j\u00e1 refutados.<\/p>\n<p style=\"text-align: justify;\">No \u00e2mbito civil, a investiga\u00e7\u00e3o (n\u00e3o h\u00e1 processo at\u00e9 o momento) arrastou-se por mais de 2 anos (onde est\u00e1 a garantia do direito de um investigado ter, em breve tempo, uma defini\u00e7\u00e3o decis\u00f3ria?), da mesma forma arrolando dezenas de testemunhas sob segredo de Justi\u00e7a. Contudo, alguns desses caluniadores continuam a usar as redes sociais para espalhar a ideia de que o bispo diocesano \u00e9 um criminoso, inclusive postando trechos de \u201cdocumentos\u201d que envolvem a moral do bispo diocesano, evidentemente com conte\u00fado acusat\u00f3rio. Os documentos que atestam a lisura, a honra e a boa fama do bispo diocesano n\u00e3o s\u00e3o publicados. \u00c9 importante dizer que a investiga\u00e7\u00e3o que deveria correr, por determina\u00e7\u00e3o judicial sob segredo de Justi\u00e7a, teve criminosamente este segredo violado em diversas ocasi\u00f5es, j\u00e1 que estes senhores e senhoras n\u00e3o encontram problema algum em divulgar estas fal\u00e1cias, at\u00e9 mesmo com documentos oficiais do Minist\u00e9rio P\u00fablico de Porto Alegre, que est\u00e3o sob sigilo judicial. As mesmas pessoas tamb\u00e9m ainda espalham entre os incautos not\u00edcias de que eu estaria submetido a pris\u00e3o domiciliar, ao uso de tornozeleira eletr\u00f4nica e at\u00e9 mesmo j\u00e1 teria sido preso.<\/p>\n<p style=\"text-align: justify;\">Em duas oportunidades o EXMO. e DD. Juiz de Direito da 3\u00aa Vara da Comarca de Frederico Westphalen pronunciou-se rejeitando integralmente a den\u00fancia oferecida pelo Exmo. Sr. Promotor de Justi\u00e7a contra a minha pessoa. &nbsp;<\/p>\n<p style=\"text-align: justify;\">Posteriormente, dentro desta a\u00e7\u00e3o de verdadeira persegui\u00e7\u00e3o que tenho sofrido, tive ci\u00eancia de diversos processos c\u00edveis e criminais que foram abertos contra mim e contra a pessoa do Chanceler da C\u00faria Diocesana, todos eles com rid\u00edculas acusa\u00e7\u00f5es de persegui\u00e7\u00f5es contra estes padres, danos \u00e0 sa\u00fade dos mesmos etc. Com verdadeira \u00e2nsia de espalhar estas inverdades, estes senhores apelaram para a imprensa sensacionalista que encetou uma verdadeira \u201cca\u00e7a \u00e0s bruxas\u201d no territ\u00f3rio da Diocese, interpelando in\u00fameras pessoas com a finalidade de obter novos elementos para poderem acusar o bispo diocesano. \u00c9 preciso dizer que n\u00e3o conseguiram absolutamente nada contra a minha pessoa. Apresentam-se como v\u00edtimas da prepot\u00eancia episcopal, mas, na verdade, s\u00e3o lobos e hienas vorazes que sistematicamente buscam destruir a honra e a boa fama do bispo diocesano com inverdades espalhadas aos quatro ventos. \u00c9 sempre importante perguntar-se o porqu\u00ea da insist\u00eancia destes senhores em divulgar aquilo que dizem ser a verdade, deixando de lado a manifesta\u00e7\u00e3o daquilo que a Justi\u00e7a, tanto eclesi\u00e1stica como civil, j\u00e1 decidiu em meu favor. Ou seja, a pretens\u00e3o destes senhores continua a ser aquela que desde o in\u00edcio t\u00eam manifestado como objetivo: a sa\u00edda do bispo da Diocese. N\u00e3o lhes interessa a verdade dos fatos. Interessa-lhes impor suas vontades, utilizando-se at\u00e9 mesmo de meios il\u00edcitos para isto acontecer, visto que por meios l\u00edcitos nada se comprovou contra minha pessoa. &nbsp;<\/p>\n<p style=\"text-align: justify;\">Assim sendo, esta Nota de Esclarecimento visa apresentar a realidade de quem h\u00e1 mais de tr\u00eas anos sofre uma persegui\u00e7\u00e3o pilotada por elementos que pretendem destruir o meu bom nome e a minha boa fama, movidos por inten\u00e7\u00f5es e por raz\u00f5es que envolvem interesses financeiros, ideologias pol\u00edticas que n\u00e3o aceitam ser confrontadas por uma vis\u00e3o eclesial apartid\u00e1ria e que pretendem atrelar a Igreja Diocesana de Frederico Westphalen a um ide\u00e1rio pol\u00edtico e pr\u00e1ticas pastorais mescladas com princ\u00edpios que contradizem a f\u00e9 cat\u00f3lica, envolvem certos princ\u00edpios viciados da compreens\u00e3o do que \u00e9 a vida sacerdotal, na forma como a Igreja a entende e a promove, enfim, envolvem mesmo alguns que vivem e se alimentam de lan\u00e7ar cal\u00fanias contra os outros, pois tem hist\u00f3rico longo a respeito disso. Cabe dizer que um destes tr\u00eas padres acusadores j\u00e1 foi demitido do estado clerical por documento proveniente da Congrega\u00e7\u00e3o para o Clero, por ordem do Santo Padre o Papa Francisco e que a Chancelaria da Diocese possui toda a documenta\u00e7\u00e3o pertinente das raz\u00f5es deste ato t\u00e3o grave por parte do Santo Padre para com um sacerdote. Entre os outros dois, um deles h\u00e1 anos est\u00e1 fora da Diocese, vagando aqui e acol\u00e1 sem dar a menor satisfa\u00e7\u00e3o ao bispo diocesano de sua vida e de seu minist\u00e9rio e o outro tamb\u00e9m h\u00e1 anos abandonou o territ\u00f3rio da Diocese, tendo paradeiro desconhecido. Portanto, este discurso de \u201cpersegui\u00e7\u00e3o\u201d consiste em uma grande mentira, j\u00e1 que com cada um destes senhores o bispo diocesano sempre teve a maior paci\u00eancia e compreens\u00e3o. Da mesma forma, o exerc\u00edcio de meu Minist\u00e9rio \u00e9 a maior prova contra as afirma\u00e7\u00f5es destas pessoas, j\u00e1 que ano ap\u00f3s ano, no exerc\u00edcio de minhas fun\u00e7\u00f5es como bispo da Diocese, estou em constante contato com milhares de pessoas, sejam elas adultas ou jovens, tanto nas milhares de Crismas que realizo pela Diocese inteira, bem como pelo contato constante com os seminaristas das diversas etapas formativas e tantas outras situa\u00e7\u00f5es exigidas pelas minhas fun\u00e7\u00f5es e todos sabem muito bem de meu comportamento ilibado no trato com todos. Este discurso sustentado por estes mentirosos, na verdade pretende desviar o foco do verdadeiro problema em quest\u00e3o que \u00e9 a infidelidade destes senhores para com os compromissos assumidos como sacerdotes cat\u00f3licos, envolvendo a obriga\u00e7\u00e3o da obedi\u00eancia ao bispo, o compromisso do celibato eclesi\u00e1stico e outros. &nbsp;<\/p>\n<p style=\"text-align: justify;\">Assim como confiante em Deus, esperei e recebi a absolvi\u00e7\u00e3o can\u00f4nica das acusa\u00e7\u00f5es que contra mim, foram apresentadas \u00e0 Igreja, a qual amo, sirvo e continuarei servindo por toda a minha vida, aguardo tamb\u00e9m com a mesma confian\u00e7a a total rejei\u00e7\u00e3o dessas acusa\u00e7\u00f5es contra a minha pessoa na Justi\u00e7a Civil, como tem ocorrido at\u00e9 este momento.<\/p>\n<p style=\"text-align: justify;\">Da mesma forma, tome-se consci\u00eancia de que, em seu devido tempo, todas as medidas can\u00f4nicas e civis necess\u00e1rias ser\u00e3o tomadas, para que se restaure a boa fama p\u00fablica de quem, nestes anos, tem se mantido calado, em respeito \u00e0s determina\u00e7\u00f5es da Justi\u00e7a.<\/p>\n<p style=\"text-align: justify;\">Frederico Westphalen, 12 de novembro de 2021.<\/p>\n<p style=\"text-align: justify;\"><em>+ Antonio Carlos Rossi Keller<\/em><\/p>\n<\/blockquote>","protected":false},"excerpt":{"rendered":"<p>Depois de den\u00fancias realizadas pelo Portal The Intercept Brasil sobre abusos sexuais supostamente cometidos pelo Bispo de Frederico Wesphalen, Antonio Keller, e de uma nota escrita pelo religioso&nbsp; divulgada por&#8230;<\/p>","protected":false},"author":2,"featured_media":51859,"comment_status":"open","ping_status":"closed","sticky":false,"template":"","format":"standard","meta":{"ngg_post_thumbnail":0,"footnotes":""},"categories":[28],"tags":[],"class_list":["post-51855","post","type-post","status-publish","format-standard","has-post-thumbnail","hentry","category-destaque"],"amp_enabled":true,"_links":{"self":[{"href":"https:\/\/www2.comunitaria.com.br\/en\/wp-json\/wp\/v2\/posts\/51855","targetHints":{"allow":["GET"]}}],"collection":[{"href":"https:\/\/www2.comunitaria.com.br\/en\/wp-json\/wp\/v2\/posts"}],"about":[{"href":"https:\/\/www2.comunitaria.com.br\/en\/wp-json\/wp\/v2\/types\/post"}],"author":[{"embeddable":true,"href":"https:\/\/www2.comunitaria.com.br\/en\/wp-json\/wp\/v2\/users\/2"}],"replies":[{"embeddable":true,"href":"https:\/\/www2.comunitaria.com.br\/en\/wp-json\/wp\/v2\/comments?post=51855"}],"version-history":[{"count":0,"href":"https:\/\/www2.comunitaria.com.br\/en\/wp-json\/wp\/v2\/posts\/51855\/revisions"}],"wp:featuredmedia":[{"embeddable":true,"href":"https:\/\/www2.comunitaria.com.br\/en\/wp-json\/wp\/v2\/media\/51859"}],"wp:attachment":[{"href":"https:\/\/www2.comunitaria.com.br\/en\/wp-json\/wp\/v2\/media?parent=51855"}],"wp:term":[{"taxonomy":"category","embeddable":true,"href":"https:\/\/www2.comunitaria.com.br\/en\/wp-json\/wp\/v2\/categories?post=51855"},{"taxonomy":"post_tag","embeddable":true,"href":"https:\/\/www2.comunitaria.com.br\/en\/wp-json\/wp\/v2\/tags?post=51855"}],"curies":[{"name":"wp","href":"https:\/\/api.w.org\/{rel}","templated":true}]}}